{"id":4589,"date":"2022-08-17T17:24:43","date_gmt":"2022-08-17T21:24:43","guid":{"rendered":"https:\/\/radioparquecde.com\/?p=4589"},"modified":"2022-08-17T17:24:44","modified_gmt":"2022-08-17T21:24:44","slug":"proponen-aumento-salarial-para-magistrados","status":"publish","type":"post","link":"https:\/\/radioparquecde.com\/index.php\/2022\/08\/17\/proponen-aumento-salarial-para-magistrados\/","title":{"rendered":"Proponen aumento salarial para magistrados"},"content":{"rendered":"\n<p>El ministro de la Corte, V\u00edctor R\u00edos, propuso tratar un aumento salarial para los magistrados. As\u00ed tambi\u00e9n que el 21% que va al Ministerio de Justicia de recursos propios del poder judicial se haga cargo el Ejecutivo.<\/p>\n\n\n\n<p>Esto se resolver\u00e1 el 23 de agosto en sesi\u00f3n extraordinaria de la Corte.<\/p>\n\n\n\n<figure class=\"wp-block-image size-full\"><img loading=\"lazy\" decoding=\"async\" width=\"571\" height=\"630\" src=\"https:\/\/radioparquecde.com\/wp-content\/uploads\/2022\/08\/capture-20220817-171905.png\" alt=\"\" class=\"wp-image-4591\" srcset=\"https:\/\/radioparquecde.com\/wp-content\/uploads\/2022\/08\/capture-20220817-171905.png 571w, https:\/\/radioparquecde.com\/wp-content\/uploads\/2022\/08\/capture-20220817-171905-272x300.png 272w\" sizes=\"auto, (max-width: 571px) 100vw, 571px\" \/><\/figure>\n","protected":false},"excerpt":{"rendered":"<p>El ministro de la Corte, V\u00edctor R\u00edos, propuso tratar un aumento salarial para los magistrados&#8230;.<\/p>\n","protected":false},"author":3,"featured_media":4592,"comment_status":"closed","ping_status":"closed","sticky":false,"template":"","format":"standard","meta":{"footnotes":""},"categories":[2,6],"tags":[],"class_list":["post-4589","post","type-post","status-publish","format-standard","has-post-thumbnail","hentry","category-destacadas","category-noticias"],"featured_image_urls":{"full":["https:\/\/radioparquecde.com\/wp-content\/uploads\/2022\/08\/capture-20220817-171905-1.png",571,630,false],"thumbnail":["https:\/\/radioparquecde.com\/wp-content\/uploads\/2022\/08\/capture-20220817-171905-1-150x150.png",150,150,true],"medium":["https:\/\/radioparquecde.com\/wp-content\/uploads\/2022\/08\/capture-20220817-171905-1-272x300.png",272,300,true],"medium_large":["https:\/\/radioparquecde.com\/wp-content\/uploads\/2022\/08\/capture-20220817-171905-1.png",571,630,false],"large":["https:\/\/radioparquecde.com\/wp-content\/uploads\/2022\/08\/capture-20220817-171905-1.png",571,630,false],"1536x1536":["https:\/\/radioparquecde.com\/wp-content\/uploads\/2022\/08\/capture-20220817-171905-1.png",571,630,false],"2048x2048":["https:\/\/radioparquecde.com\/wp-content\/uploads\/2022\/08\/capture-20220817-171905-1.png",571,630,false],"newsphere-slider-full":["https:\/\/radioparquecde.com\/wp-content\/uploads\/2022\/08\/capture-20220817-171905-1.png",571,630,false],"newsphere-featured":["https:\/\/radioparquecde.com\/wp-content\/uploads\/2022\/08\/capture-20220817-171905-1.png",571,630,false],"newsphere-medium":["https:\/\/radioparquecde.com\/wp-content\/uploads\/2022\/08\/capture-20220817-171905-1-571x380.png",571,380,true]},"author_info":{"display_name":"Editor","author_link":"https:\/\/radioparquecde.com\/index.php\/author\/editor\/"},"category_info":"<a href=\"https:\/\/radioparquecde.com\/index.php\/category\/noticias\/destacadas\/\" rel=\"category tag\">Destacadas<\/a> <a href=\"https:\/\/radioparquecde.com\/index.php\/category\/noticias\/\" rel=\"category tag\">Noticias<\/a>","tag_info":"Noticias","comment_count":"0","_links":{"self":[{"href":"https:\/\/radioparquecde.com\/index.php\/wp-json\/wp\/v2\/posts\/4589","targetHints":{"allow":["GET"]}}],"collection":[{"href":"https:\/\/radioparquecde.com\/index.php\/wp-json\/wp\/v2\/posts"}],"about":[{"href":"https:\/\/radioparquecde.com\/index.php\/wp-json\/wp\/v2\/types\/post"}],"author":[{"embeddable":true,"href":"https:\/\/radioparquecde.com\/index.php\/wp-json\/wp\/v2\/users\/3"}],"replies":[{"embeddable":true,"href":"https:\/\/radioparquecde.com\/index.php\/wp-json\/wp\/v2\/comments?post=4589"}],"version-history":[{"count":1,"href":"https:\/\/radioparquecde.com\/index.php\/wp-json\/wp\/v2\/posts\/4589\/revisions"}],"predecessor-version":[{"id":4593,"href":"https:\/\/radioparquecde.com\/index.php\/wp-json\/wp\/v2\/posts\/4589\/revisions\/4593"}],"wp:featuredmedia":[{"embeddable":true,"href":"https:\/\/radioparquecde.com\/index.php\/wp-json\/wp\/v2\/media\/4592"}],"wp:attachment":[{"href":"https:\/\/radioparquecde.com\/index.php\/wp-json\/wp\/v2\/media?parent=4589"}],"wp:term":[{"taxonomy":"category","embeddable":true,"href":"https:\/\/radioparquecde.com\/index.php\/wp-json\/wp\/v2\/categories?post=4589"},{"taxonomy":"post_tag","embeddable":true,"href":"https:\/\/radioparquecde.com\/index.php\/wp-json\/wp\/v2\/tags?post=4589"}],"curies":[{"name":"wp","href":"https:\/\/api.w.org\/{rel}","templated":true}]}}