{"id":4712,"date":"2022-08-24T08:17:50","date_gmt":"2022-08-24T12:17:50","guid":{"rendered":"https:\/\/radioparquecde.com\/?p=4712"},"modified":"2022-08-24T08:17:52","modified_gmt":"2022-08-24T12:17:52","slug":"vecinos-de-minga-guazu-ratifican-que-no-permitiran-instalacion-de-antena","status":"publish","type":"post","link":"https:\/\/radioparquecde.com\/index.php\/2022\/08\/24\/vecinos-de-minga-guazu-ratifican-que-no-permitiran-instalacion-de-antena\/","title":{"rendered":"Vecinos de Minga Guaz\u00fa ratifican que no permitir\u00e1n instalaci\u00f3n de antena"},"content":{"rendered":"\n<p>Los graves hechos de violencia que se conocieron el domingo \u00faltimo en el barrio San Felipe de Minga Guaz\u00fa no cesar\u00e1n el rechazo de la comunidad a la instalaci\u00f3n de una antena de telefon\u00eda celular en el sector. Recordaron que en el 2019 ya hab\u00edan impedido la intenci\u00f3n y ayer estuvieron en la Junta Municipal para pedir informes sobre los tr\u00e1mites realizados ante el municipio para el efecto.<\/p>\n\n\n\n<p>Yudith Ant\u00fanez estuvo en audiencia p\u00fablica y se\u00f1al\u00f3 que la intenci\u00f3n del domingo \u00faltimo fue colectar firmas para presentar a la Comuna y as\u00ed pedir informes sobre lo que se estaba haciendo en la comunidad. Se\u00f1al\u00f3 que hubo empresas de telefon\u00eda celular que ofrecieron un resarcimiento a las comisiones vecinales para poder colocar sus equipos de transmisi\u00f3n, pero que no lograron su objetivo.<\/p>\n\n\n\n<figure class=\"wp-block-image size-large\"><img loading=\"lazy\" decoding=\"async\" width=\"1024\" height=\"586\" src=\"https:\/\/radioparquecde.com\/wp-content\/uploads\/2022\/08\/PAG-4-A-13-1024x586.jpg\" alt=\"\" class=\"wp-image-4714\" srcset=\"https:\/\/radioparquecde.com\/wp-content\/uploads\/2022\/08\/PAG-4-A-13-1024x586.jpg 1024w, https:\/\/radioparquecde.com\/wp-content\/uploads\/2022\/08\/PAG-4-A-13-300x172.jpg 300w, https:\/\/radioparquecde.com\/wp-content\/uploads\/2022\/08\/PAG-4-A-13-768x439.jpg 768w, https:\/\/radioparquecde.com\/wp-content\/uploads\/2022\/08\/PAG-4-A-13-1536x879.jpg 1536w, https:\/\/radioparquecde.com\/wp-content\/uploads\/2022\/08\/PAG-4-A-13.jpg 1575w\" sizes=\"auto, (max-width: 1024px) 100vw, 1024px\" \/><\/figure>\n\n\n\n<p>\u201cNosotros no fuimos a incitar, no fuimos a atropellar la casa de nuestro vecino, pero lamentablemente otro fue el resultado, se perdieron vidas de personas que eran serviciales en su comunidad. Ahora, estamos cada vez m\u00e1s firmes y decimos que no se va a instalar ninguna antena en el barrio San Felipe\u201d, se\u00f1al\u00f3 la pobladora.<\/p>\n\n\n\n<p>Ellos consideran un peligro la radiaci\u00f3n que emiten las antenas y que cuando hay tiempo inestable estira descargas el\u00e9ctricas. Adem\u00e1s, afirman que es una zona muy poblada, con escuelas, colegios y otras instituciones, por lo que deben ser llevadas a otros sitios de menor densidad poblacional.<\/p>\n","protected":false},"excerpt":{"rendered":"<p>Los graves hechos de violencia que se conocieron el domingo \u00faltimo en el barrio San&#8230;<\/p>\n","protected":false},"author":3,"featured_media":4715,"comment_status":"closed","ping_status":"closed","sticky":false,"template":"","format":"standard","meta":{"footnotes":""},"categories":[48,6],"tags":[],"class_list":["post-4712","post","type-post","status-publish","format-standard","has-post-thumbnail","hentry","category-alto-parana","category-noticias"],"featured_image_urls":{"full":["https:\/\/radioparquecde.com\/wp-content\/uploads\/2022\/08\/PAG-4-A-13-1.jpg",1575,901,false],"thumbnail":["https:\/\/radioparquecde.com\/wp-content\/uploads\/2022\/08\/PAG-4-A-13-1-150x150.jpg",150,150,true],"medium":["https:\/\/radioparquecde.com\/wp-content\/uploads\/2022\/08\/PAG-4-A-13-1-300x172.jpg",300,172,true],"medium_large":["https:\/\/radioparquecde.com\/wp-content\/uploads\/2022\/08\/PAG-4-A-13-1-768x439.jpg",640,366,true],"large":["https:\/\/radioparquecde.com\/wp-content\/uploads\/2022\/08\/PAG-4-A-13-1-1024x586.jpg",640,366,true],"1536x1536":["https:\/\/radioparquecde.com\/wp-content\/uploads\/2022\/08\/PAG-4-A-13-1-1536x879.jpg",1536,879,true],"2048x2048":["https:\/\/radioparquecde.com\/wp-content\/uploads\/2022\/08\/PAG-4-A-13-1.jpg",1575,901,false],"newsphere-slider-full":["https:\/\/radioparquecde.com\/wp-content\/uploads\/2022\/08\/PAG-4-A-13-1-1280x720.jpg",1280,720,true],"newsphere-featured":["https:\/\/radioparquecde.com\/wp-content\/uploads\/2022\/08\/PAG-4-A-13-1-1024x586.jpg",1024,586,true],"newsphere-medium":["https:\/\/radioparquecde.com\/wp-content\/uploads\/2022\/08\/PAG-4-A-13-1-720x380.jpg",720,380,true]},"author_info":{"display_name":"Editor","author_link":"https:\/\/radioparquecde.com\/index.php\/author\/editor\/"},"category_info":"<a href=\"https:\/\/radioparquecde.com\/index.php\/category\/alto-parana\/\" rel=\"category tag\">ALTO PARAN\u00c1<\/a> <a href=\"https:\/\/radioparquecde.com\/index.php\/category\/noticias\/\" rel=\"category tag\">Noticias<\/a>","tag_info":"Noticias","comment_count":"0","_links":{"self":[{"href":"https:\/\/radioparquecde.com\/index.php\/wp-json\/wp\/v2\/posts\/4712","targetHints":{"allow":["GET"]}}],"collection":[{"href":"https:\/\/radioparquecde.com\/index.php\/wp-json\/wp\/v2\/posts"}],"about":[{"href":"https:\/\/radioparquecde.com\/index.php\/wp-json\/wp\/v2\/types\/post"}],"author":[{"embeddable":true,"href":"https:\/\/radioparquecde.com\/index.php\/wp-json\/wp\/v2\/users\/3"}],"replies":[{"embeddable":true,"href":"https:\/\/radioparquecde.com\/index.php\/wp-json\/wp\/v2\/comments?post=4712"}],"version-history":[{"count":1,"href":"https:\/\/radioparquecde.com\/index.php\/wp-json\/wp\/v2\/posts\/4712\/revisions"}],"predecessor-version":[{"id":4716,"href":"https:\/\/radioparquecde.com\/index.php\/wp-json\/wp\/v2\/posts\/4712\/revisions\/4716"}],"wp:featuredmedia":[{"embeddable":true,"href":"https:\/\/radioparquecde.com\/index.php\/wp-json\/wp\/v2\/media\/4715"}],"wp:attachment":[{"href":"https:\/\/radioparquecde.com\/index.php\/wp-json\/wp\/v2\/media?parent=4712"}],"wp:term":[{"taxonomy":"category","embeddable":true,"href":"https:\/\/radioparquecde.com\/index.php\/wp-json\/wp\/v2\/categories?post=4712"},{"taxonomy":"post_tag","embeddable":true,"href":"https:\/\/radioparquecde.com\/index.php\/wp-json\/wp\/v2\/tags?post=4712"}],"curies":[{"name":"wp","href":"https:\/\/api.w.org\/{rel}","templated":true}]}}