{"id":4750,"date":"2022-08-25T10:01:13","date_gmt":"2022-08-25T14:01:13","guid":{"rendered":"https:\/\/radioparquecde.com\/?p=4750"},"modified":"2022-08-25T10:01:14","modified_gmt":"2022-08-25T14:01:14","slug":"nuevo-hurto-de-vehiculo-en-el-hospital-regional-de-cde","status":"publish","type":"post","link":"https:\/\/radioparquecde.com\/index.php\/2022\/08\/25\/nuevo-hurto-de-vehiculo-en-el-hospital-regional-de-cde\/","title":{"rendered":"Nuevo hurto de veh\u00edculo en el Hospital Regional de CDE"},"content":{"rendered":"\n<p>Otra vez, malvivientes hicieron de las suyas al alzarse con un autom\u00f3vil que estaba estacionado en inmediaciones del Hospital Regional de Ciudad del Este. Sucedi\u00f3 entre las 18:00 a 23:55 horas aproximadamente del mi\u00e9rcoles.<\/p>\n\n\n\n<p>Se trata de un rodado Toyota Allex, 2001, dorado, chapa OAU 497, propiedad de Gloria Ramona Areco Bernal, de 25 a\u00f1os.<\/p>\n\n\n\n<p>La mujer cont\u00f3 que lleg\u00f3 al centro asistencial a las 18:00 horas, estacion\u00f3 y, cuando volvi\u00f3 a salir a las 23:55 horas ya no encontr\u00f3 su m\u00f3vil.<\/p>\n\n\n\n<p>Se dio aviso a la jurisdiccional que, se encuentra a pasos del lugar del hecho. Se imparti\u00f3 captura, con las caracter\u00edsticas de los rodados.<\/p>\n\n\n\n<figure class=\"wp-block-image size-large\"><img loading=\"lazy\" decoding=\"async\" width=\"1024\" height=\"461\" src=\"https:\/\/radioparquecde.com\/wp-content\/uploads\/2022\/08\/WhatsApp-Image-2022-06-22-at-11.26.06-AM-1536x691-1-1024x461.jpeg\" alt=\"\" class=\"wp-image-4752\" srcset=\"https:\/\/radioparquecde.com\/wp-content\/uploads\/2022\/08\/WhatsApp-Image-2022-06-22-at-11.26.06-AM-1536x691-1-1024x461.jpeg 1024w, https:\/\/radioparquecde.com\/wp-content\/uploads\/2022\/08\/WhatsApp-Image-2022-06-22-at-11.26.06-AM-1536x691-1-300x135.jpeg 300w, https:\/\/radioparquecde.com\/wp-content\/uploads\/2022\/08\/WhatsApp-Image-2022-06-22-at-11.26.06-AM-1536x691-1-768x346.jpeg 768w, https:\/\/radioparquecde.com\/wp-content\/uploads\/2022\/08\/WhatsApp-Image-2022-06-22-at-11.26.06-AM-1536x691-1.jpeg 1536w\" sizes=\"auto, (max-width: 1024px) 100vw, 1024px\" \/><\/figure>\n","protected":false},"excerpt":{"rendered":"<p>Otra vez, malvivientes hicieron de las suyas al alzarse con un autom\u00f3vil que estaba estacionado&#8230;<\/p>\n","protected":false},"author":3,"featured_media":4753,"comment_status":"closed","ping_status":"closed","sticky":false,"template":"","format":"standard","meta":{"footnotes":""},"categories":[48,6],"tags":[],"class_list":["post-4750","post","type-post","status-publish","format-standard","has-post-thumbnail","hentry","category-alto-parana","category-noticias"],"featured_image_urls":{"full":["https:\/\/radioparquecde.com\/wp-content\/uploads\/2022\/08\/WhatsApp-Image-2022-06-22-at-11.26.06-AM-1536x691-2.jpeg",1536,691,false],"thumbnail":["https:\/\/radioparquecde.com\/wp-content\/uploads\/2022\/08\/WhatsApp-Image-2022-06-22-at-11.26.06-AM-1536x691-2-150x150.jpeg",150,150,true],"medium":["https:\/\/radioparquecde.com\/wp-content\/uploads\/2022\/08\/WhatsApp-Image-2022-06-22-at-11.26.06-AM-1536x691-2-300x135.jpeg",300,135,true],"medium_large":["https:\/\/radioparquecde.com\/wp-content\/uploads\/2022\/08\/WhatsApp-Image-2022-06-22-at-11.26.06-AM-1536x691-2-768x346.jpeg",640,288,true],"large":["https:\/\/radioparquecde.com\/wp-content\/uploads\/2022\/08\/WhatsApp-Image-2022-06-22-at-11.26.06-AM-1536x691-2-1024x461.jpeg",640,288,true],"1536x1536":["https:\/\/radioparquecde.com\/wp-content\/uploads\/2022\/08\/WhatsApp-Image-2022-06-22-at-11.26.06-AM-1536x691-2.jpeg",1536,691,false],"2048x2048":["https:\/\/radioparquecde.com\/wp-content\/uploads\/2022\/08\/WhatsApp-Image-2022-06-22-at-11.26.06-AM-1536x691-2.jpeg",1536,691,false],"newsphere-slider-full":["https:\/\/radioparquecde.com\/wp-content\/uploads\/2022\/08\/WhatsApp-Image-2022-06-22-at-11.26.06-AM-1536x691-2-1280x691.jpeg",1280,691,true],"newsphere-featured":["https:\/\/radioparquecde.com\/wp-content\/uploads\/2022\/08\/WhatsApp-Image-2022-06-22-at-11.26.06-AM-1536x691-2-1024x461.jpeg",1024,461,true],"newsphere-medium":["https:\/\/radioparquecde.com\/wp-content\/uploads\/2022\/08\/WhatsApp-Image-2022-06-22-at-11.26.06-AM-1536x691-2-720x380.jpeg",720,380,true]},"author_info":{"display_name":"Editor","author_link":"https:\/\/radioparquecde.com\/index.php\/author\/editor\/"},"category_info":"<a href=\"https:\/\/radioparquecde.com\/index.php\/category\/alto-parana\/\" rel=\"category tag\">ALTO PARAN\u00c1<\/a> <a href=\"https:\/\/radioparquecde.com\/index.php\/category\/noticias\/\" rel=\"category tag\">Noticias<\/a>","tag_info":"Noticias","comment_count":"0","_links":{"self":[{"href":"https:\/\/radioparquecde.com\/index.php\/wp-json\/wp\/v2\/posts\/4750","targetHints":{"allow":["GET"]}}],"collection":[{"href":"https:\/\/radioparquecde.com\/index.php\/wp-json\/wp\/v2\/posts"}],"about":[{"href":"https:\/\/radioparquecde.com\/index.php\/wp-json\/wp\/v2\/types\/post"}],"author":[{"embeddable":true,"href":"https:\/\/radioparquecde.com\/index.php\/wp-json\/wp\/v2\/users\/3"}],"replies":[{"embeddable":true,"href":"https:\/\/radioparquecde.com\/index.php\/wp-json\/wp\/v2\/comments?post=4750"}],"version-history":[{"count":1,"href":"https:\/\/radioparquecde.com\/index.php\/wp-json\/wp\/v2\/posts\/4750\/revisions"}],"predecessor-version":[{"id":4754,"href":"https:\/\/radioparquecde.com\/index.php\/wp-json\/wp\/v2\/posts\/4750\/revisions\/4754"}],"wp:featuredmedia":[{"embeddable":true,"href":"https:\/\/radioparquecde.com\/index.php\/wp-json\/wp\/v2\/media\/4753"}],"wp:attachment":[{"href":"https:\/\/radioparquecde.com\/index.php\/wp-json\/wp\/v2\/media?parent=4750"}],"wp:term":[{"taxonomy":"category","embeddable":true,"href":"https:\/\/radioparquecde.com\/index.php\/wp-json\/wp\/v2\/categories?post=4750"},{"taxonomy":"post_tag","embeddable":true,"href":"https:\/\/radioparquecde.com\/index.php\/wp-json\/wp\/v2\/tags?post=4750"}],"curies":[{"name":"wp","href":"https:\/\/api.w.org\/{rel}","templated":true}]}}