{"id":4813,"date":"2022-08-30T08:44:11","date_gmt":"2022-08-30T12:44:11","guid":{"rendered":"https:\/\/radioparquecde.com\/?p=4813"},"modified":"2022-08-30T08:44:15","modified_gmt":"2022-08-30T12:44:15","slug":"ciudad-del-este-fiscal-imputa-a-dos-hombres-por-robo-agravado-coaccion-coaccion-grave-y-privacion-de-libertad","status":"publish","type":"post","link":"https:\/\/radioparquecde.com\/index.php\/2022\/08\/30\/ciudad-del-este-fiscal-imputa-a-dos-hombres-por-robo-agravado-coaccion-coaccion-grave-y-privacion-de-libertad\/","title":{"rendered":"Ciudad del Este: Fiscal imputa a dos hombres por robo agravado, coacci\u00f3n, coacci\u00f3n grave y privaci\u00f3n de libertad"},"content":{"rendered":"\n<p>El fiscal penal de turno, Edgar Torales, imput\u00f3 a dos hombres por los supuestos hechos punibles de robo agravado, coacci\u00f3n, coacci\u00f3n grave y privaci\u00f3n de libertad. Igualmente, requiri\u00f3 la prisi\u00f3n preventiva de los sospechosos, quienes est\u00e1n identificados como Alcides Rub\u00e9n \u00c1valos Cabrera (38) y Rub\u00e9n Gim\u00e9nez Ben\u00edtez (42). Ambos se encuentran recluidos en la Direcci\u00f3n de Polic\u00eda de Alto Paran\u00e1, a disposici\u00f3n de la Justicia.<\/p>\n\n\n\n<figure class=\"wp-block-image size-full\"><img loading=\"lazy\" decoding=\"async\" width=\"490\" height=\"612\" src=\"https:\/\/radioparquecde.com\/wp-content\/uploads\/2022\/08\/303150995_912251343511575_8154274190820863418_n.jpg\" alt=\"\" class=\"wp-image-4823\" srcset=\"https:\/\/radioparquecde.com\/wp-content\/uploads\/2022\/08\/303150995_912251343511575_8154274190820863418_n.jpg 490w, https:\/\/radioparquecde.com\/wp-content\/uploads\/2022\/08\/303150995_912251343511575_8154274190820863418_n-240x300.jpg 240w\" sizes=\"auto, (max-width: 490px) 100vw, 490px\" \/><\/figure>\n\n\n\n<p>Seg\u00fan la investigaci\u00f3n, los hechos ocurrieron el 25 de agosto \u00faltimo, a las 19:00 horas aproximadamente, cuando los sindicados ingresaron con arma de fuego en mano al interior de una vivienda, ubicada en el kil\u00f3metro 6 Monday, barrio 29 de Setiembre, propiedad de Mar\u00eda Algar\u00edn de Gonz\u00e1lez.<\/p>\n\n\n\n<p>Los atacantes inmediatamente con la voz de \u00abasalto\u00bb redujeron a la due\u00f1a de casa y a sus familiares Romina Gisela Gonz\u00e1lez Algar\u00edn y Miguel \u00c1ngel Gonz\u00e1lez Valdez. Luego, tomaron de rehenes a todos los presentes y exigieron la entrega de un importante suma de dinero, supuestamente producto de la venta de un inmueble.<\/p>\n\n\n\n<p>Las v\u00edctimas les respondieron que no ten\u00edan dinero en la casa, momento en que fueron atadas de manos y pies. A continuaci\u00f3n, los presuntos criminales recorrieron todas las habitaciones, removiendo los muebles en busca de objetos de valor. En un momento determinado, Mar\u00eda Algar\u00edn escuch\u00f3 hablar por tel\u00e9fono a unos de los asaltantes, manifestando que \u00abno encontraron el objetivo\u00bb.<\/p>\n\n\n\n<figure class=\"wp-block-image size-full\"><img loading=\"lazy\" decoding=\"async\" width=\"606\" height=\"758\" src=\"https:\/\/radioparquecde.com\/wp-content\/uploads\/2022\/08\/302574026_912251346844908_7071400770837175737_n.jpg\" alt=\"\" class=\"wp-image-4824\" srcset=\"https:\/\/radioparquecde.com\/wp-content\/uploads\/2022\/08\/302574026_912251346844908_7071400770837175737_n.jpg 606w, https:\/\/radioparquecde.com\/wp-content\/uploads\/2022\/08\/302574026_912251346844908_7071400770837175737_n-240x300.jpg 240w\" sizes=\"auto, (max-width: 606px) 100vw, 606px\" \/><\/figure>\n\n\n\n<p>Algunos vecinos que se percataron del atraco armado y alertaron al Sistema 911 de la Polic\u00eda Nacional. R\u00e1pidamente llegaron al lugar fuerzas policiales y rodearon la vivienda. En ese momento, Alcides \u00c1valos trep\u00f3 la muralla y cruz\u00f3 a un inmueble colindante, donde fue aprehendido. Mientras, Rub\u00e9n Gim\u00e9nez fue privado de libertad en el ba\u00f1o de la casa atracada. Del poder de \u00e9ste \u00faltimo fue recuperado un celular que hab\u00eda sustra\u00eddo a Miguel Gonz\u00e1lez.<\/p>\n","protected":false},"excerpt":{"rendered":"<p>El fiscal penal de turno, Edgar Torales, imput\u00f3 a dos hombres por los supuestos hechos&#8230;<\/p>\n","protected":false},"author":3,"featured_media":4825,"comment_status":"closed","ping_status":"closed","sticky":false,"template":"","format":"standard","meta":{"footnotes":""},"categories":[48,6],"tags":[],"class_list":["post-4813","post","type-post","status-publish","format-standard","has-post-thumbnail","hentry","category-alto-parana","category-noticias"],"featured_image_urls":{"full":["https:\/\/radioparquecde.com\/wp-content\/uploads\/2022\/08\/303150995_912251343511575_8154274190820863418_n-1.jpg",490,612,false],"thumbnail":["https:\/\/radioparquecde.com\/wp-content\/uploads\/2022\/08\/303150995_912251343511575_8154274190820863418_n-1-150x150.jpg",150,150,true],"medium":["https:\/\/radioparquecde.com\/wp-content\/uploads\/2022\/08\/303150995_912251343511575_8154274190820863418_n-1-240x300.jpg",240,300,true],"medium_large":["https:\/\/radioparquecde.com\/wp-content\/uploads\/2022\/08\/303150995_912251343511575_8154274190820863418_n-1.jpg",490,612,false],"large":["https:\/\/radioparquecde.com\/wp-content\/uploads\/2022\/08\/303150995_912251343511575_8154274190820863418_n-1.jpg",490,612,false],"1536x1536":["https:\/\/radioparquecde.com\/wp-content\/uploads\/2022\/08\/303150995_912251343511575_8154274190820863418_n-1.jpg",490,612,false],"2048x2048":["https:\/\/radioparquecde.com\/wp-content\/uploads\/2022\/08\/303150995_912251343511575_8154274190820863418_n-1.jpg",490,612,false],"newsphere-slider-full":["https:\/\/radioparquecde.com\/wp-content\/uploads\/2022\/08\/303150995_912251343511575_8154274190820863418_n-1.jpg",490,612,false],"newsphere-featured":["https:\/\/radioparquecde.com\/wp-content\/uploads\/2022\/08\/303150995_912251343511575_8154274190820863418_n-1.jpg",490,612,false],"newsphere-medium":["https:\/\/radioparquecde.com\/wp-content\/uploads\/2022\/08\/303150995_912251343511575_8154274190820863418_n-1-490x380.jpg",490,380,true]},"author_info":{"display_name":"Editor","author_link":"https:\/\/radioparquecde.com\/index.php\/author\/editor\/"},"category_info":"<a href=\"https:\/\/radioparquecde.com\/index.php\/category\/alto-parana\/\" rel=\"category tag\">ALTO PARAN\u00c1<\/a> <a href=\"https:\/\/radioparquecde.com\/index.php\/category\/noticias\/\" rel=\"category tag\">Noticias<\/a>","tag_info":"Noticias","comment_count":"0","_links":{"self":[{"href":"https:\/\/radioparquecde.com\/index.php\/wp-json\/wp\/v2\/posts\/4813","targetHints":{"allow":["GET"]}}],"collection":[{"href":"https:\/\/radioparquecde.com\/index.php\/wp-json\/wp\/v2\/posts"}],"about":[{"href":"https:\/\/radioparquecde.com\/index.php\/wp-json\/wp\/v2\/types\/post"}],"author":[{"embeddable":true,"href":"https:\/\/radioparquecde.com\/index.php\/wp-json\/wp\/v2\/users\/3"}],"replies":[{"embeddable":true,"href":"https:\/\/radioparquecde.com\/index.php\/wp-json\/wp\/v2\/comments?post=4813"}],"version-history":[{"count":1,"href":"https:\/\/radioparquecde.com\/index.php\/wp-json\/wp\/v2\/posts\/4813\/revisions"}],"predecessor-version":[{"id":4826,"href":"https:\/\/radioparquecde.com\/index.php\/wp-json\/wp\/v2\/posts\/4813\/revisions\/4826"}],"wp:featuredmedia":[{"embeddable":true,"href":"https:\/\/radioparquecde.com\/index.php\/wp-json\/wp\/v2\/media\/4825"}],"wp:attachment":[{"href":"https:\/\/radioparquecde.com\/index.php\/wp-json\/wp\/v2\/media?parent=4813"}],"wp:term":[{"taxonomy":"category","embeddable":true,"href":"https:\/\/radioparquecde.com\/index.php\/wp-json\/wp\/v2\/categories?post=4813"},{"taxonomy":"post_tag","embeddable":true,"href":"https:\/\/radioparquecde.com\/index.php\/wp-json\/wp\/v2\/tags?post=4813"}],"curies":[{"name":"wp","href":"https:\/\/api.w.org\/{rel}","templated":true}]}}