{"id":4834,"date":"2022-08-30T14:26:38","date_gmt":"2022-08-30T18:26:38","guid":{"rendered":"https:\/\/radioparquecde.com\/?p=4834"},"modified":"2022-08-30T14:26:40","modified_gmt":"2022-08-30T18:26:40","slug":"ande-lanzan-promo-6-0-para-que-mipymes-y-grandes-clientes-salden-deudas","status":"publish","type":"post","link":"https:\/\/radioparquecde.com\/index.php\/2022\/08\/30\/ande-lanzan-promo-6-0-para-que-mipymes-y-grandes-clientes-salden-deudas\/","title":{"rendered":"ANDE: Lanzan \u201cPromo 6.0\u201d para que mipymes y grandes clientes salden deudas"},"content":{"rendered":"\n<p>La Administraci\u00f3n Nacional de Electricidad (ANDE) lanz\u00f3 la \u201cPromo 6.0\u201d que va dirigido a clientes de media tensi\u00f3n (mipymes y grandes clientes) que se encuentran en mora con la instituci\u00f3n. Contempla la entrega del 20% de la deuda total y el saldo en seis meses sin intereses.<\/p>\n\n\n\n<p>Este martes, en conferencia de prensa, el presidente de la ANDE, F\u00e9lix Sosa, explic\u00f3 que esta nueva promoci\u00f3n se suma a otras dos que ya se encuentran vigentes para todos sus clientes hasta el 31 de diciembre de 2022, como son \u201cEpagapa ha epaga sa\u2019ive\u201d y \u201cEpaga Ikatumih\u00e1icha\u201d.<\/p>\n\n\n\n<p>Adem\u00e1s, refiri\u00f3 que la instituci\u00f3n actualiz\u00f3 la app \u201cMi Ande\u201d para que la ciudadan\u00eda cuente con una aplicaci\u00f3n m\u00e1s amigable, vers\u00e1til y con m\u00e1s funciones con el fin de mejorar el servicio de interacci\u00f3n virtual que se brinda a la ciudadan\u00eda.<\/p>\n\n\n\n<p>\u201cPROMO 6.0\u201d<\/p>\n\n\n\n<p>A su turno, el gerente comercial de la ANDE, Rodys Rol\u00f3n, detall\u00f3 que la promoci\u00f3n lanzada en la jornada abarca a los clientes de media tensi\u00f3n quienes cuentan con transformador propio. \u201cEste segmento abarca a un universo de 36.500 clientes que est\u00e1n dentro de esta franja de consumo, de los cuales tenemos una cartera morosa de clientes con tres o m\u00e1s facturas pendientes de pago que abarca a 7.700 clientes a quienes va direccionada la promoci\u00f3n\u201d, manifest\u00f3.<\/p>\n\n\n\n<figure class=\"wp-block-image size-large\"><img loading=\"lazy\" decoding=\"async\" width=\"1024\" height=\"562\" src=\"https:\/\/radioparquecde.com\/wp-content\/uploads\/2022\/08\/PAG-5-B-5-1024x562.jpeg\" alt=\"\" class=\"wp-image-4836\" srcset=\"https:\/\/radioparquecde.com\/wp-content\/uploads\/2022\/08\/PAG-5-B-5-1024x562.jpeg 1024w, https:\/\/radioparquecde.com\/wp-content\/uploads\/2022\/08\/PAG-5-B-5-300x165.jpeg 300w, https:\/\/radioparquecde.com\/wp-content\/uploads\/2022\/08\/PAG-5-B-5-768x422.jpeg 768w, https:\/\/radioparquecde.com\/wp-content\/uploads\/2022\/08\/PAG-5-B-5.jpeg 1280w\" sizes=\"auto, (max-width: 1024px) 100vw, 1024px\" \/><\/figure>\n\n\n\n<p>Agreg\u00f3 que la deuda de los aproximadamente 7.700 clientes asciende a 24,3 millones de d\u00f3lares, motivo por lo cual la ANDE decidi\u00f3 lanzar al mercado esta promoci\u00f3n para que los clientes se pongan al d\u00eda con sus deudas pagando el 20% y saldando la deuda en seis pagos mensuales sin intereses.<\/p>\n\n\n\n<p>Explic\u00f3 que este pago del 20% sobre la deuda total se podr\u00e1 realizar de manera electr\u00f3nica, por medio de una boca de cobranza, la web o a trav\u00e9s del aplicativo \u201cMi ANDE\u201d sin necesidad de acercarse a una sucursal de la ANDE.<\/p>\n","protected":false},"excerpt":{"rendered":"<p>La Administraci\u00f3n Nacional de Electricidad (ANDE) lanz\u00f3 la \u201cPromo 6.0\u201d que va dirigido a clientes&#8230;<\/p>\n","protected":false},"author":3,"featured_media":4837,"comment_status":"closed","ping_status":"closed","sticky":false,"template":"","format":"standard","meta":{"footnotes":""},"categories":[48,5],"tags":[],"class_list":["post-4834","post","type-post","status-publish","format-standard","has-post-thumbnail","hentry","category-alto-parana","category-economia"],"featured_image_urls":{"full":["https:\/\/radioparquecde.com\/wp-content\/uploads\/2022\/08\/PAG-5-B-5-1.jpeg",1280,703,false],"thumbnail":["https:\/\/radioparquecde.com\/wp-content\/uploads\/2022\/08\/PAG-5-B-5-1-150x150.jpeg",150,150,true],"medium":["https:\/\/radioparquecde.com\/wp-content\/uploads\/2022\/08\/PAG-5-B-5-1-300x165.jpeg",300,165,true],"medium_large":["https:\/\/radioparquecde.com\/wp-content\/uploads\/2022\/08\/PAG-5-B-5-1-768x422.jpeg",640,352,true],"large":["https:\/\/radioparquecde.com\/wp-content\/uploads\/2022\/08\/PAG-5-B-5-1-1024x562.jpeg",640,351,true],"1536x1536":["https:\/\/radioparquecde.com\/wp-content\/uploads\/2022\/08\/PAG-5-B-5-1.jpeg",1280,703,false],"2048x2048":["https:\/\/radioparquecde.com\/wp-content\/uploads\/2022\/08\/PAG-5-B-5-1.jpeg",1280,703,false],"newsphere-slider-full":["https:\/\/radioparquecde.com\/wp-content\/uploads\/2022\/08\/PAG-5-B-5-1.jpeg",1280,703,false],"newsphere-featured":["https:\/\/radioparquecde.com\/wp-content\/uploads\/2022\/08\/PAG-5-B-5-1-1024x562.jpeg",1024,562,true],"newsphere-medium":["https:\/\/radioparquecde.com\/wp-content\/uploads\/2022\/08\/PAG-5-B-5-1-720x380.jpeg",720,380,true]},"author_info":{"display_name":"Editor","author_link":"https:\/\/radioparquecde.com\/index.php\/author\/editor\/"},"category_info":"<a href=\"https:\/\/radioparquecde.com\/index.php\/category\/alto-parana\/\" rel=\"category tag\">ALTO PARAN\u00c1<\/a> <a href=\"https:\/\/radioparquecde.com\/index.php\/category\/noticias\/economia\/\" rel=\"category tag\">Econom\u00eda<\/a>","tag_info":"Econom\u00eda","comment_count":"0","_links":{"self":[{"href":"https:\/\/radioparquecde.com\/index.php\/wp-json\/wp\/v2\/posts\/4834","targetHints":{"allow":["GET"]}}],"collection":[{"href":"https:\/\/radioparquecde.com\/index.php\/wp-json\/wp\/v2\/posts"}],"about":[{"href":"https:\/\/radioparquecde.com\/index.php\/wp-json\/wp\/v2\/types\/post"}],"author":[{"embeddable":true,"href":"https:\/\/radioparquecde.com\/index.php\/wp-json\/wp\/v2\/users\/3"}],"replies":[{"embeddable":true,"href":"https:\/\/radioparquecde.com\/index.php\/wp-json\/wp\/v2\/comments?post=4834"}],"version-history":[{"count":1,"href":"https:\/\/radioparquecde.com\/index.php\/wp-json\/wp\/v2\/posts\/4834\/revisions"}],"predecessor-version":[{"id":4838,"href":"https:\/\/radioparquecde.com\/index.php\/wp-json\/wp\/v2\/posts\/4834\/revisions\/4838"}],"wp:featuredmedia":[{"embeddable":true,"href":"https:\/\/radioparquecde.com\/index.php\/wp-json\/wp\/v2\/media\/4837"}],"wp:attachment":[{"href":"https:\/\/radioparquecde.com\/index.php\/wp-json\/wp\/v2\/media?parent=4834"}],"wp:term":[{"taxonomy":"category","embeddable":true,"href":"https:\/\/radioparquecde.com\/index.php\/wp-json\/wp\/v2\/categories?post=4834"},{"taxonomy":"post_tag","embeddable":true,"href":"https:\/\/radioparquecde.com\/index.php\/wp-json\/wp\/v2\/tags?post=4834"}],"curies":[{"name":"wp","href":"https:\/\/api.w.org\/{rel}","templated":true}]}}