{"id":4860,"date":"2022-08-31T10:50:22","date_gmt":"2022-08-31T14:50:22","guid":{"rendered":"https:\/\/radioparquecde.com\/?p=4860"},"modified":"2022-08-31T10:50:23","modified_gmt":"2022-08-31T14:50:23","slug":"realizan-verificacion-tecnica-de-buses-en-presidente-franco","status":"publish","type":"post","link":"https:\/\/radioparquecde.com\/index.php\/2022\/08\/31\/realizan-verificacion-tecnica-de-buses-en-presidente-franco\/","title":{"rendered":"Realizan verificaci\u00f3n t\u00e9cnica de buses en Presidente Franco"},"content":{"rendered":"\n<p>Funcionarios de la Direcci\u00f3n de Tr\u00e1nsito, junto con miembros de la comisi\u00f3n de transporte de la Junta Municipal de Presidente Franco, realiza inspecci\u00f3n t\u00e9cnica a transportes p\u00fablicos del municipio, luego de dar tiempo a los empresarios de poner en condiciones las unidades que estaban en p\u00e9simo estado de modo a seguir operando.<\/p>\n\n\n\n<figure class=\"wp-block-image size-large\"><img loading=\"lazy\" decoding=\"async\" width=\"1024\" height=\"856\" src=\"https:\/\/radioparquecde.com\/wp-content\/uploads\/2022\/08\/PAG-2-C-3-1024x856.jpg\" alt=\"\" class=\"wp-image-4862\" srcset=\"https:\/\/radioparquecde.com\/wp-content\/uploads\/2022\/08\/PAG-2-C-3-1024x856.jpg 1024w, https:\/\/radioparquecde.com\/wp-content\/uploads\/2022\/08\/PAG-2-C-3-300x251.jpg 300w, https:\/\/radioparquecde.com\/wp-content\/uploads\/2022\/08\/PAG-2-C-3-768x642.jpg 768w, https:\/\/radioparquecde.com\/wp-content\/uploads\/2022\/08\/PAG-2-C-3.jpg 1510w\" sizes=\"auto, (max-width: 1024px) 100vw, 1024px\" \/><\/figure>\n\n\n\n<p>Ayer se verificaron cinco unidades de la empresa La Franque\u00f1a, d\u00edas pasados se inspeccionaron buses de la empresa Tres Fronteras y de la empresa Vicente E. Matiauda, seg\u00fan explic\u00f3 el director de tr\u00e1nsito, Osvaldo S\u00e1nchez. \u201cSe verifican sus documentaciones, neum\u00e1ticos, iluminaci\u00f3n, asientos, techos, la parte mec\u00e1nica, etc. Y destacamos que los empresarios est\u00e1n cumpliendo, se esforzaron en poner en mejor condici\u00f3n los buses\u201d, explic\u00f3.<\/p>\n\n\n\n<p>Muchos de los colectivos son de 25 a 30 a\u00f1os de uso, y muchos operaban sin habilitaciones. Esto se desnud\u00f3 con un informe levantado por S\u00e1nchez y su equipo. S\u00e1nchez hab\u00eda dicho que se buscaba una soluci\u00f3n para no dejar a los usuarios sin buses, porque si se incautaban los buses en malas condiciones se incautar\u00e1n el 95% de los colectivos, por lo que se dio tiempo para mejorar.<\/p>\n","protected":false},"excerpt":{"rendered":"<p>Funcionarios de la Direcci\u00f3n de Tr\u00e1nsito, junto con miembros de la comisi\u00f3n de transporte de&#8230;<\/p>\n","protected":false},"author":3,"featured_media":4863,"comment_status":"closed","ping_status":"closed","sticky":false,"template":"","format":"standard","meta":{"footnotes":""},"categories":[48,6],"tags":[],"class_list":["post-4860","post","type-post","status-publish","format-standard","has-post-thumbnail","hentry","category-alto-parana","category-noticias"],"featured_image_urls":{"full":["https:\/\/radioparquecde.com\/wp-content\/uploads\/2022\/08\/PAG-2-C-3-1.jpg",1510,1263,false],"thumbnail":["https:\/\/radioparquecde.com\/wp-content\/uploads\/2022\/08\/PAG-2-C-3-1-150x150.jpg",150,150,true],"medium":["https:\/\/radioparquecde.com\/wp-content\/uploads\/2022\/08\/PAG-2-C-3-1-300x251.jpg",300,251,true],"medium_large":["https:\/\/radioparquecde.com\/wp-content\/uploads\/2022\/08\/PAG-2-C-3-1-768x642.jpg",640,535,true],"large":["https:\/\/radioparquecde.com\/wp-content\/uploads\/2022\/08\/PAG-2-C-3-1-1024x856.jpg",640,535,true],"1536x1536":["https:\/\/radioparquecde.com\/wp-content\/uploads\/2022\/08\/PAG-2-C-3-1.jpg",1510,1263,false],"2048x2048":["https:\/\/radioparquecde.com\/wp-content\/uploads\/2022\/08\/PAG-2-C-3-1.jpg",1510,1263,false],"newsphere-slider-full":["https:\/\/radioparquecde.com\/wp-content\/uploads\/2022\/08\/PAG-2-C-3-1-1280x720.jpg",1280,720,true],"newsphere-featured":["https:\/\/radioparquecde.com\/wp-content\/uploads\/2022\/08\/PAG-2-C-3-1-1024x856.jpg",1024,856,true],"newsphere-medium":["https:\/\/radioparquecde.com\/wp-content\/uploads\/2022\/08\/PAG-2-C-3-1-720x380.jpg",720,380,true]},"author_info":{"display_name":"Editor","author_link":"https:\/\/radioparquecde.com\/index.php\/author\/editor\/"},"category_info":"<a href=\"https:\/\/radioparquecde.com\/index.php\/category\/alto-parana\/\" rel=\"category tag\">ALTO PARAN\u00c1<\/a> <a href=\"https:\/\/radioparquecde.com\/index.php\/category\/noticias\/\" rel=\"category tag\">Noticias<\/a>","tag_info":"Noticias","comment_count":"0","_links":{"self":[{"href":"https:\/\/radioparquecde.com\/index.php\/wp-json\/wp\/v2\/posts\/4860","targetHints":{"allow":["GET"]}}],"collection":[{"href":"https:\/\/radioparquecde.com\/index.php\/wp-json\/wp\/v2\/posts"}],"about":[{"href":"https:\/\/radioparquecde.com\/index.php\/wp-json\/wp\/v2\/types\/post"}],"author":[{"embeddable":true,"href":"https:\/\/radioparquecde.com\/index.php\/wp-json\/wp\/v2\/users\/3"}],"replies":[{"embeddable":true,"href":"https:\/\/radioparquecde.com\/index.php\/wp-json\/wp\/v2\/comments?post=4860"}],"version-history":[{"count":1,"href":"https:\/\/radioparquecde.com\/index.php\/wp-json\/wp\/v2\/posts\/4860\/revisions"}],"predecessor-version":[{"id":4864,"href":"https:\/\/radioparquecde.com\/index.php\/wp-json\/wp\/v2\/posts\/4860\/revisions\/4864"}],"wp:featuredmedia":[{"embeddable":true,"href":"https:\/\/radioparquecde.com\/index.php\/wp-json\/wp\/v2\/media\/4863"}],"wp:attachment":[{"href":"https:\/\/radioparquecde.com\/index.php\/wp-json\/wp\/v2\/media?parent=4860"}],"wp:term":[{"taxonomy":"category","embeddable":true,"href":"https:\/\/radioparquecde.com\/index.php\/wp-json\/wp\/v2\/categories?post=4860"},{"taxonomy":"post_tag","embeddable":true,"href":"https:\/\/radioparquecde.com\/index.php\/wp-json\/wp\/v2\/tags?post=4860"}],"curies":[{"name":"wp","href":"https:\/\/api.w.org\/{rel}","templated":true}]}}