{"id":4865,"date":"2022-08-31T15:23:37","date_gmt":"2022-08-31T19:23:37","guid":{"rendered":"https:\/\/radioparquecde.com\/?p=4865"},"modified":"2022-08-31T15:23:38","modified_gmt":"2022-08-31T19:23:38","slug":"incautan-millonaria-carga-de-celulares-transportados-en-doble-fondo-de-bus","status":"publish","type":"post","link":"https:\/\/radioparquecde.com\/index.php\/2022\/08\/31\/incautan-millonaria-carga-de-celulares-transportados-en-doble-fondo-de-bus\/","title":{"rendered":"Incautan millonaria carga de celulares transportados en doble fondo de bus"},"content":{"rendered":"\n<p>La Polic\u00eda Federal encontr\u00f3 un doble fondo en un autob\u00fas tur\u00edstico paraguayo, que conten\u00eda decenas de celulares en doble fondo. El procedimiento se llev\u00f3 a cabo en la carretera BR-277.<\/p>\n\n\n\n<p>Los polic\u00edas realizaban una barrera de inspecci\u00f3n, revisando veh\u00edculos en busca de actividades il\u00edcitas, cuando, alrededor de las 16:30, ordenaron detener un autob\u00fas tur\u00edstico, que hab\u00eda salido de Asunci\u00f3n (Paraguay) y se dirig\u00eda a la ciudad de S\u00e3o Paulo.<\/p>\n\n\n\n<p>Durante la inspecci\u00f3n se realiz\u00f3 un cateo al interior del bus, donde iban 20 pasajeros, utilizando un perro polic\u00eda, y en el maletero no se encontr\u00f3 nada irregular. Sin embargo, al revisar la cabina del conductor, los agentes encontraron un doble fondo y hallaron unos 160 dispositivos de telefon\u00eda celular, todos de la marca Apple iPhone.<\/p>\n\n\n\n<figure class=\"wp-block-image size-large\"><img loading=\"lazy\" decoding=\"async\" width=\"1024\" height=\"576\" src=\"https:\/\/radioparquecde.com\/wp-content\/uploads\/2022\/08\/PAG-12-C-2-1024x576.jpg\" alt=\"\" class=\"wp-image-4867\" srcset=\"https:\/\/radioparquecde.com\/wp-content\/uploads\/2022\/08\/PAG-12-C-2-1024x576.jpg 1024w, https:\/\/radioparquecde.com\/wp-content\/uploads\/2022\/08\/PAG-12-C-2-300x169.jpg 300w, https:\/\/radioparquecde.com\/wp-content\/uploads\/2022\/08\/PAG-12-C-2-768x432.jpg 768w, https:\/\/radioparquecde.com\/wp-content\/uploads\/2022\/08\/PAG-12-C-2-1536x864.jpg 1536w, https:\/\/radioparquecde.com\/wp-content\/uploads\/2022\/08\/PAG-12-C-2-1280x720.jpg 1280w, https:\/\/radioparquecde.com\/wp-content\/uploads\/2022\/08\/PAG-12-C-2.jpg 1575w\" sizes=\"auto, (max-width: 1024px) 100vw, 1024px\" \/><\/figure>\n\n\n\n<p>Los agentes interrogaron a los choferes, quienes dijeron que llevar\u00edan la carga, valorada en m\u00e1s de R$ 800.000, a la ciudad de S\u00e3o Paulo, a cambio de mil reales cada uno.<\/p>\n\n\n\n<p>Ante los hechos, los polic\u00edas dieron voz de arresto a los dos conductores, remiti\u00e9ndolos, junto con la carga de celulares y el autob\u00fas, a la base de la Polic\u00eda Federal en Foz do Yguaz\u00fa, para los procedimientos de rigor.<\/p>\n","protected":false},"excerpt":{"rendered":"<p>La Polic\u00eda Federal encontr\u00f3 un doble fondo en un autob\u00fas tur\u00edstico paraguayo, que conten\u00eda decenas&#8230;<\/p>\n","protected":false},"author":3,"featured_media":4868,"comment_status":"closed","ping_status":"closed","sticky":false,"template":"","format":"standard","meta":{"footnotes":""},"categories":[2,6],"tags":[],"class_list":["post-4865","post","type-post","status-publish","format-standard","has-post-thumbnail","hentry","category-destacadas","category-noticias"],"featured_image_urls":{"full":["https:\/\/radioparquecde.com\/wp-content\/uploads\/2022\/08\/PAG-12-C-2-1.jpg",1575,886,false],"thumbnail":["https:\/\/radioparquecde.com\/wp-content\/uploads\/2022\/08\/PAG-12-C-2-1-150x150.jpg",150,150,true],"medium":["https:\/\/radioparquecde.com\/wp-content\/uploads\/2022\/08\/PAG-12-C-2-1-300x169.jpg",300,169,true],"medium_large":["https:\/\/radioparquecde.com\/wp-content\/uploads\/2022\/08\/PAG-12-C-2-1-768x432.jpg",640,360,true],"large":["https:\/\/radioparquecde.com\/wp-content\/uploads\/2022\/08\/PAG-12-C-2-1-1024x576.jpg",640,360,true],"1536x1536":["https:\/\/radioparquecde.com\/wp-content\/uploads\/2022\/08\/PAG-12-C-2-1-1536x864.jpg",1536,864,true],"2048x2048":["https:\/\/radioparquecde.com\/wp-content\/uploads\/2022\/08\/PAG-12-C-2-1.jpg",1575,886,false],"newsphere-slider-full":["https:\/\/radioparquecde.com\/wp-content\/uploads\/2022\/08\/PAG-12-C-2-1-1280x720.jpg",1280,720,true],"newsphere-featured":["https:\/\/radioparquecde.com\/wp-content\/uploads\/2022\/08\/PAG-12-C-2-1-1024x576.jpg",1024,576,true],"newsphere-medium":["https:\/\/radioparquecde.com\/wp-content\/uploads\/2022\/08\/PAG-12-C-2-1-720x380.jpg",720,380,true]},"author_info":{"display_name":"Editor","author_link":"https:\/\/radioparquecde.com\/index.php\/author\/editor\/"},"category_info":"<a href=\"https:\/\/radioparquecde.com\/index.php\/category\/noticias\/destacadas\/\" rel=\"category tag\">Destacadas<\/a> <a href=\"https:\/\/radioparquecde.com\/index.php\/category\/noticias\/\" rel=\"category tag\">Noticias<\/a>","tag_info":"Noticias","comment_count":"0","_links":{"self":[{"href":"https:\/\/radioparquecde.com\/index.php\/wp-json\/wp\/v2\/posts\/4865","targetHints":{"allow":["GET"]}}],"collection":[{"href":"https:\/\/radioparquecde.com\/index.php\/wp-json\/wp\/v2\/posts"}],"about":[{"href":"https:\/\/radioparquecde.com\/index.php\/wp-json\/wp\/v2\/types\/post"}],"author":[{"embeddable":true,"href":"https:\/\/radioparquecde.com\/index.php\/wp-json\/wp\/v2\/users\/3"}],"replies":[{"embeddable":true,"href":"https:\/\/radioparquecde.com\/index.php\/wp-json\/wp\/v2\/comments?post=4865"}],"version-history":[{"count":1,"href":"https:\/\/radioparquecde.com\/index.php\/wp-json\/wp\/v2\/posts\/4865\/revisions"}],"predecessor-version":[{"id":4869,"href":"https:\/\/radioparquecde.com\/index.php\/wp-json\/wp\/v2\/posts\/4865\/revisions\/4869"}],"wp:featuredmedia":[{"embeddable":true,"href":"https:\/\/radioparquecde.com\/index.php\/wp-json\/wp\/v2\/media\/4868"}],"wp:attachment":[{"href":"https:\/\/radioparquecde.com\/index.php\/wp-json\/wp\/v2\/media?parent=4865"}],"wp:term":[{"taxonomy":"category","embeddable":true,"href":"https:\/\/radioparquecde.com\/index.php\/wp-json\/wp\/v2\/categories?post=4865"},{"taxonomy":"post_tag","embeddable":true,"href":"https:\/\/radioparquecde.com\/index.php\/wp-json\/wp\/v2\/tags?post=4865"}],"curies":[{"name":"wp","href":"https:\/\/api.w.org\/{rel}","templated":true}]}}