{"id":4904,"date":"2022-09-02T08:37:01","date_gmt":"2022-09-02T12:37:01","guid":{"rendered":"https:\/\/radioparquecde.com\/?p=4904"},"modified":"2022-09-02T08:37:03","modified_gmt":"2022-09-02T12:37:03","slug":"dos-hombres-mueren-asfixiados-en-un-pozo-en-busca-de-plata-yvyguy","status":"publish","type":"post","link":"https:\/\/radioparquecde.com\/index.php\/2022\/09\/02\/dos-hombres-mueren-asfixiados-en-un-pozo-en-busca-de-plata-yvyguy\/","title":{"rendered":"Dos hombres mueren asfixiados en un pozo en busca de plata yvyguy"},"content":{"rendered":"\n<p>Dos hombres identificados como Clemencio Cabello Escobar, de 71 a\u00f1os y Anibal Zeyala Vera, mayor de edad, perdieron la vida este jueves en la ciudad de It\u00e1, tras caer a un pozo de agua de 12 metros de profundidad en busca de plata yvyguy.<\/p>\n\n\n\n<p>En tanto, Emigdio Salvador Montiel L\u00f3pez, de 61 a\u00f1os, logr\u00f3 sobrevivir, inform\u00f3 la Comisar\u00eda 56\u00aa Central del barrio Mar\u00eda Auxiliadora.<\/p>\n\n\n\n<p>El hecho se registr\u00f3 en horas de la tarde de este jueves, en una quinta ubicada a 100 metros aproximadamente de la calle Cable Guy, de la Compa\u00f1\u00eda Caaguaz\u00fa, de la ciudad de It\u00e1.<\/p>\n\n\n\n<p>Las tres personas se encontraban realizando trabajos de excavaci\u00f3n presumiblemente en busca de plata yvyguy en el lugar y en un momento dado, dos de los tres trabajadores pidieron auxilio para que sean rescatados, manifestando que les faltaba aire.<\/p>\n\n\n\n<figure class=\"wp-block-image size-full\"><img loading=\"lazy\" decoding=\"async\" width=\"510\" height=\"540\" src=\"https:\/\/radioparquecde.com\/wp-content\/uploads\/2022\/09\/305188619_3200135503579485_2145958226791166119_n.jpg\" alt=\"\" class=\"wp-image-4906\" srcset=\"https:\/\/radioparquecde.com\/wp-content\/uploads\/2022\/09\/305188619_3200135503579485_2145958226791166119_n.jpg 510w, https:\/\/radioparquecde.com\/wp-content\/uploads\/2022\/09\/305188619_3200135503579485_2145958226791166119_n-283x300.jpg 283w\" sizes=\"auto, (max-width: 510px) 100vw, 510px\" \/><\/figure>\n\n\n\n<p>Los Bomberos Voluntarios acudieron al lugar y lograron rescatar a uno de los hombres con vida y posteriormente los cuerpos de ambos fallecidos.<\/p>\n\n\n\n<p>El hecho se comunic\u00f3 a la fiscala de Turno de la Unidad 2, Daysi S\u00e1nchez, as\u00ed tambi\u00e9n al Departamento de Criminal\u00edstica del \u00c1rea Central y al m\u00e9dico forense para el procedimiento de rigor.<\/p>\n","protected":false},"excerpt":{"rendered":"<p>Dos hombres identificados como Clemencio Cabello Escobar, de 71 a\u00f1os y Anibal Zeyala Vera, mayor&#8230;<\/p>\n","protected":false},"author":3,"featured_media":4907,"comment_status":"closed","ping_status":"closed","sticky":false,"template":"","format":"standard","meta":{"footnotes":""},"categories":[6,47],"tags":[],"class_list":["post-4904","post","type-post","status-publish","format-standard","has-post-thumbnail","hentry","category-noticias","category-sucesos"],"featured_image_urls":{"full":["https:\/\/radioparquecde.com\/wp-content\/uploads\/2022\/09\/305188619_3200135503579485_2145958226791166119_n-1.jpg",510,540,false],"thumbnail":["https:\/\/radioparquecde.com\/wp-content\/uploads\/2022\/09\/305188619_3200135503579485_2145958226791166119_n-1-150x150.jpg",150,150,true],"medium":["https:\/\/radioparquecde.com\/wp-content\/uploads\/2022\/09\/305188619_3200135503579485_2145958226791166119_n-1-283x300.jpg",283,300,true],"medium_large":["https:\/\/radioparquecde.com\/wp-content\/uploads\/2022\/09\/305188619_3200135503579485_2145958226791166119_n-1.jpg",510,540,false],"large":["https:\/\/radioparquecde.com\/wp-content\/uploads\/2022\/09\/305188619_3200135503579485_2145958226791166119_n-1.jpg",510,540,false],"1536x1536":["https:\/\/radioparquecde.com\/wp-content\/uploads\/2022\/09\/305188619_3200135503579485_2145958226791166119_n-1.jpg",510,540,false],"2048x2048":["https:\/\/radioparquecde.com\/wp-content\/uploads\/2022\/09\/305188619_3200135503579485_2145958226791166119_n-1.jpg",510,540,false],"newsphere-slider-full":["https:\/\/radioparquecde.com\/wp-content\/uploads\/2022\/09\/305188619_3200135503579485_2145958226791166119_n-1.jpg",510,540,false],"newsphere-featured":["https:\/\/radioparquecde.com\/wp-content\/uploads\/2022\/09\/305188619_3200135503579485_2145958226791166119_n-1.jpg",510,540,false],"newsphere-medium":["https:\/\/radioparquecde.com\/wp-content\/uploads\/2022\/09\/305188619_3200135503579485_2145958226791166119_n-1-510x380.jpg",510,380,true]},"author_info":{"display_name":"Editor","author_link":"https:\/\/radioparquecde.com\/index.php\/author\/editor\/"},"category_info":"<a href=\"https:\/\/radioparquecde.com\/index.php\/category\/noticias\/\" rel=\"category tag\">Noticias<\/a> <a href=\"https:\/\/radioparquecde.com\/index.php\/category\/sucesos\/\" rel=\"category tag\">SUCESOS<\/a>","tag_info":"SUCESOS","comment_count":"0","_links":{"self":[{"href":"https:\/\/radioparquecde.com\/index.php\/wp-json\/wp\/v2\/posts\/4904","targetHints":{"allow":["GET"]}}],"collection":[{"href":"https:\/\/radioparquecde.com\/index.php\/wp-json\/wp\/v2\/posts"}],"about":[{"href":"https:\/\/radioparquecde.com\/index.php\/wp-json\/wp\/v2\/types\/post"}],"author":[{"embeddable":true,"href":"https:\/\/radioparquecde.com\/index.php\/wp-json\/wp\/v2\/users\/3"}],"replies":[{"embeddable":true,"href":"https:\/\/radioparquecde.com\/index.php\/wp-json\/wp\/v2\/comments?post=4904"}],"version-history":[{"count":1,"href":"https:\/\/radioparquecde.com\/index.php\/wp-json\/wp\/v2\/posts\/4904\/revisions"}],"predecessor-version":[{"id":4908,"href":"https:\/\/radioparquecde.com\/index.php\/wp-json\/wp\/v2\/posts\/4904\/revisions\/4908"}],"wp:featuredmedia":[{"embeddable":true,"href":"https:\/\/radioparquecde.com\/index.php\/wp-json\/wp\/v2\/media\/4907"}],"wp:attachment":[{"href":"https:\/\/radioparquecde.com\/index.php\/wp-json\/wp\/v2\/media?parent=4904"}],"wp:term":[{"taxonomy":"category","embeddable":true,"href":"https:\/\/radioparquecde.com\/index.php\/wp-json\/wp\/v2\/categories?post=4904"},{"taxonomy":"post_tag","embeddable":true,"href":"https:\/\/radioparquecde.com\/index.php\/wp-json\/wp\/v2\/tags?post=4904"}],"curies":[{"name":"wp","href":"https:\/\/api.w.org\/{rel}","templated":true}]}}