{"id":4911,"date":"2022-09-02T11:09:15","date_gmt":"2022-09-02T15:09:15","guid":{"rendered":"https:\/\/radioparquecde.com\/?p=4911"},"modified":"2022-09-02T11:09:16","modified_gmt":"2022-09-02T15:09:16","slug":"adolescente-de-17-anos-muere-electrocutado-en-naranjal","status":"publish","type":"post","link":"https:\/\/radioparquecde.com\/index.php\/2022\/09\/02\/adolescente-de-17-anos-muere-electrocutado-en-naranjal\/","title":{"rendered":"Adolescente de 17 a\u00f1os muere electrocutado en Naranjal"},"content":{"rendered":"\n<p>La Polic\u00eda Nacional report\u00f3 que un adolescente de 17 a\u00f1os muri\u00f3 a consecuencia de una descarga el\u00e9ctrica mientras realizaba trabajos de alba\u00f1iler\u00eda. El hecho ocurri\u00f3 ayer, alrededor de las 15:00, en el centro urbano de la ciudad de Naranjal.<\/p>\n\n\n\n<figure class=\"wp-block-image size-full\"><img loading=\"lazy\" decoding=\"async\" width=\"960\" height=\"639\" src=\"https:\/\/radioparquecde.com\/wp-content\/uploads\/2022\/09\/WhatsApp-Image-2022-09-02-at-9.24.12-AM.jpeg\" alt=\"\" class=\"wp-image-4913\" srcset=\"https:\/\/radioparquecde.com\/wp-content\/uploads\/2022\/09\/WhatsApp-Image-2022-09-02-at-9.24.12-AM.jpeg 960w, https:\/\/radioparquecde.com\/wp-content\/uploads\/2022\/09\/WhatsApp-Image-2022-09-02-at-9.24.12-AM-300x200.jpeg 300w, https:\/\/radioparquecde.com\/wp-content\/uploads\/2022\/09\/WhatsApp-Image-2022-09-02-at-9.24.12-AM-768x511.jpeg 768w\" sizes=\"auto, (max-width: 960px) 100vw, 960px\" \/><\/figure>\n\n\n\n<p>Carlos Denis Venialgo, compa\u00f1ero de trabajo de la v\u00edctima, dijo que estaban colocando yeso en una panader\u00eda denominada \u201cDelicia casera\u201d, cuando el menor se apoy\u00f3 por un andamio, cuyo soporte estaba sobre el cable de un taladro enchufado, lo cual hizo que reciba la mortal descarga.<\/p>\n\n\n\n<p>Bomberos voluntarios socorrieron al joven hasta el centro asistencia de la zona, donde lleg\u00f3 sin vida. La forense Morgana Gamarra diagnostic\u00f3 \u201cmuerte s\u00fabita por electrocuci\u00f3n\u201d.<\/p>\n","protected":false},"excerpt":{"rendered":"<p>La Polic\u00eda Nacional report\u00f3 que un adolescente de 17 a\u00f1os muri\u00f3 a consecuencia de una&#8230;<\/p>\n","protected":false},"author":3,"featured_media":4914,"comment_status":"closed","ping_status":"closed","sticky":false,"template":"","format":"standard","meta":{"footnotes":""},"categories":[48,6],"tags":[],"class_list":["post-4911","post","type-post","status-publish","format-standard","has-post-thumbnail","hentry","category-alto-parana","category-noticias"],"featured_image_urls":{"full":["https:\/\/radioparquecde.com\/wp-content\/uploads\/2022\/09\/WhatsApp-Image-2022-09-02-at-9.24.12-AM-1.jpeg",960,639,false],"thumbnail":["https:\/\/radioparquecde.com\/wp-content\/uploads\/2022\/09\/WhatsApp-Image-2022-09-02-at-9.24.12-AM-1-150x150.jpeg",150,150,true],"medium":["https:\/\/radioparquecde.com\/wp-content\/uploads\/2022\/09\/WhatsApp-Image-2022-09-02-at-9.24.12-AM-1-300x200.jpeg",300,200,true],"medium_large":["https:\/\/radioparquecde.com\/wp-content\/uploads\/2022\/09\/WhatsApp-Image-2022-09-02-at-9.24.12-AM-1-768x511.jpeg",640,426,true],"large":["https:\/\/radioparquecde.com\/wp-content\/uploads\/2022\/09\/WhatsApp-Image-2022-09-02-at-9.24.12-AM-1.jpeg",640,426,false],"1536x1536":["https:\/\/radioparquecde.com\/wp-content\/uploads\/2022\/09\/WhatsApp-Image-2022-09-02-at-9.24.12-AM-1.jpeg",960,639,false],"2048x2048":["https:\/\/radioparquecde.com\/wp-content\/uploads\/2022\/09\/WhatsApp-Image-2022-09-02-at-9.24.12-AM-1.jpeg",960,639,false],"newsphere-slider-full":["https:\/\/radioparquecde.com\/wp-content\/uploads\/2022\/09\/WhatsApp-Image-2022-09-02-at-9.24.12-AM-1.jpeg",960,639,false],"newsphere-featured":["https:\/\/radioparquecde.com\/wp-content\/uploads\/2022\/09\/WhatsApp-Image-2022-09-02-at-9.24.12-AM-1.jpeg",960,639,false],"newsphere-medium":["https:\/\/radioparquecde.com\/wp-content\/uploads\/2022\/09\/WhatsApp-Image-2022-09-02-at-9.24.12-AM-1-720x380.jpeg",720,380,true]},"author_info":{"display_name":"Editor","author_link":"https:\/\/radioparquecde.com\/index.php\/author\/editor\/"},"category_info":"<a href=\"https:\/\/radioparquecde.com\/index.php\/category\/alto-parana\/\" rel=\"category tag\">ALTO PARAN\u00c1<\/a> <a href=\"https:\/\/radioparquecde.com\/index.php\/category\/noticias\/\" rel=\"category tag\">Noticias<\/a>","tag_info":"Noticias","comment_count":"0","_links":{"self":[{"href":"https:\/\/radioparquecde.com\/index.php\/wp-json\/wp\/v2\/posts\/4911","targetHints":{"allow":["GET"]}}],"collection":[{"href":"https:\/\/radioparquecde.com\/index.php\/wp-json\/wp\/v2\/posts"}],"about":[{"href":"https:\/\/radioparquecde.com\/index.php\/wp-json\/wp\/v2\/types\/post"}],"author":[{"embeddable":true,"href":"https:\/\/radioparquecde.com\/index.php\/wp-json\/wp\/v2\/users\/3"}],"replies":[{"embeddable":true,"href":"https:\/\/radioparquecde.com\/index.php\/wp-json\/wp\/v2\/comments?post=4911"}],"version-history":[{"count":1,"href":"https:\/\/radioparquecde.com\/index.php\/wp-json\/wp\/v2\/posts\/4911\/revisions"}],"predecessor-version":[{"id":4915,"href":"https:\/\/radioparquecde.com\/index.php\/wp-json\/wp\/v2\/posts\/4911\/revisions\/4915"}],"wp:featuredmedia":[{"embeddable":true,"href":"https:\/\/radioparquecde.com\/index.php\/wp-json\/wp\/v2\/media\/4914"}],"wp:attachment":[{"href":"https:\/\/radioparquecde.com\/index.php\/wp-json\/wp\/v2\/media?parent=4911"}],"wp:term":[{"taxonomy":"category","embeddable":true,"href":"https:\/\/radioparquecde.com\/index.php\/wp-json\/wp\/v2\/categories?post=4911"},{"taxonomy":"post_tag","embeddable":true,"href":"https:\/\/radioparquecde.com\/index.php\/wp-json\/wp\/v2\/tags?post=4911"}],"curies":[{"name":"wp","href":"https:\/\/api.w.org\/{rel}","templated":true}]}}