{"id":5054,"date":"2022-09-07T08:56:55","date_gmt":"2022-09-07T12:56:55","guid":{"rendered":"https:\/\/radioparquecde.com\/?p=5054"},"modified":"2022-09-07T08:56:57","modified_gmt":"2022-09-07T12:56:57","slug":"por-feriado-en-brasil-en-comercios-de-cde-esperan-buena-afluencia-de-turistas","status":"publish","type":"post","link":"https:\/\/radioparquecde.com\/index.php\/2022\/09\/07\/por-feriado-en-brasil-en-comercios-de-cde-esperan-buena-afluencia-de-turistas\/","title":{"rendered":"Por feriado en Brasil, en comercios de CDE esperan buena afluencia de turistas"},"content":{"rendered":"\n<p>Brasil celebra este mi\u00e9rcoles 7 de septiembre los 200 a\u00f1os de independencia de Portugal. Para celebrar esta importante fecha en el calendario del vecino pa\u00eds se estableci\u00f3 como feriado, por lo que en las tiendas de Ciudad del Este se espera la llegada de turistas, a pesar de los rigurosos controles implementados por la Receita Federal (Aduana) y la Polic\u00eda Federal en diferentes puntos de Foz de Yguaz\u00fa.<\/p>\n\n\n\n<p>Un mi\u00e9rcoles movido es lo que esperan los comerciantes de Ciudad del Este con el feriado en Brasil. Muchas tiendas preparan ofertas especiales, a pesar de que no hay mucha seguridad de que el volumen de compradores vaya a variar con relaci\u00f3n al fin de semana anterior, teniendo en cuenta que los rigurosos controles fronterizos se mantienen a pesar de que los militares y otros organismos de seguridad ya se han retirado de la frontera.<\/p>\n\n\n\n<figure class=\"wp-block-image size-full\"><img loading=\"lazy\" decoding=\"async\" width=\"760\" height=\"420\" src=\"https:\/\/radioparquecde.com\/wp-content\/uploads\/2022\/09\/cde-1.jpg\" alt=\"\" class=\"wp-image-5056\" srcset=\"https:\/\/radioparquecde.com\/wp-content\/uploads\/2022\/09\/cde-1.jpg 760w, https:\/\/radioparquecde.com\/wp-content\/uploads\/2022\/09\/cde-1-300x166.jpg 300w\" sizes=\"auto, (max-width: 760px) 100vw, 760px\" \/><\/figure>\n\n\n\n<p>\u201cNo creo que haya mucha gente por los controles.<\/p>\n\n\n\n<p>El s\u00e1bado se aflojo un poco y vinieron muchos compradores y turistas, pero no en la cantidad que consideramos normal para un fin de semana. Adem\u00e1s, hay que tener en cuenta que este feriado se da a mitad de semana, si hubiera ca\u00eddo un jueves o viernes hubiese sido diferente. Los feriados pegados a fines de semana siempre dieron buenos resultados\u201d, coment\u00f3 un, vendedor de una conocida tienda local.<\/p>\n","protected":false},"excerpt":{"rendered":"<p>Brasil celebra este mi\u00e9rcoles 7 de septiembre los 200 a\u00f1os de independencia de Portugal. Para&#8230;<\/p>\n","protected":false},"author":3,"featured_media":5057,"comment_status":"closed","ping_status":"closed","sticky":false,"template":"","format":"standard","meta":{"footnotes":""},"categories":[48,5],"tags":[],"class_list":["post-5054","post","type-post","status-publish","format-standard","has-post-thumbnail","hentry","category-alto-parana","category-economia"],"featured_image_urls":{"full":["https:\/\/radioparquecde.com\/wp-content\/uploads\/2022\/09\/cde-1-1.jpg",760,420,false],"thumbnail":["https:\/\/radioparquecde.com\/wp-content\/uploads\/2022\/09\/cde-1-1-150x150.jpg",150,150,true],"medium":["https:\/\/radioparquecde.com\/wp-content\/uploads\/2022\/09\/cde-1-1-300x166.jpg",300,166,true],"medium_large":["https:\/\/radioparquecde.com\/wp-content\/uploads\/2022\/09\/cde-1-1.jpg",640,354,false],"large":["https:\/\/radioparquecde.com\/wp-content\/uploads\/2022\/09\/cde-1-1.jpg",640,354,false],"1536x1536":["https:\/\/radioparquecde.com\/wp-content\/uploads\/2022\/09\/cde-1-1.jpg",760,420,false],"2048x2048":["https:\/\/radioparquecde.com\/wp-content\/uploads\/2022\/09\/cde-1-1.jpg",760,420,false],"newsphere-slider-full":["https:\/\/radioparquecde.com\/wp-content\/uploads\/2022\/09\/cde-1-1.jpg",760,420,false],"newsphere-featured":["https:\/\/radioparquecde.com\/wp-content\/uploads\/2022\/09\/cde-1-1.jpg",760,420,false],"newsphere-medium":["https:\/\/radioparquecde.com\/wp-content\/uploads\/2022\/09\/cde-1-1-720x380.jpg",720,380,true]},"author_info":{"display_name":"Editor","author_link":"https:\/\/radioparquecde.com\/index.php\/author\/editor\/"},"category_info":"<a href=\"https:\/\/radioparquecde.com\/index.php\/category\/alto-parana\/\" rel=\"category tag\">ALTO PARAN\u00c1<\/a> <a href=\"https:\/\/radioparquecde.com\/index.php\/category\/noticias\/economia\/\" rel=\"category tag\">Econom\u00eda<\/a>","tag_info":"Econom\u00eda","comment_count":"0","_links":{"self":[{"href":"https:\/\/radioparquecde.com\/index.php\/wp-json\/wp\/v2\/posts\/5054","targetHints":{"allow":["GET"]}}],"collection":[{"href":"https:\/\/radioparquecde.com\/index.php\/wp-json\/wp\/v2\/posts"}],"about":[{"href":"https:\/\/radioparquecde.com\/index.php\/wp-json\/wp\/v2\/types\/post"}],"author":[{"embeddable":true,"href":"https:\/\/radioparquecde.com\/index.php\/wp-json\/wp\/v2\/users\/3"}],"replies":[{"embeddable":true,"href":"https:\/\/radioparquecde.com\/index.php\/wp-json\/wp\/v2\/comments?post=5054"}],"version-history":[{"count":1,"href":"https:\/\/radioparquecde.com\/index.php\/wp-json\/wp\/v2\/posts\/5054\/revisions"}],"predecessor-version":[{"id":5058,"href":"https:\/\/radioparquecde.com\/index.php\/wp-json\/wp\/v2\/posts\/5054\/revisions\/5058"}],"wp:featuredmedia":[{"embeddable":true,"href":"https:\/\/radioparquecde.com\/index.php\/wp-json\/wp\/v2\/media\/5057"}],"wp:attachment":[{"href":"https:\/\/radioparquecde.com\/index.php\/wp-json\/wp\/v2\/media?parent=5054"}],"wp:term":[{"taxonomy":"category","embeddable":true,"href":"https:\/\/radioparquecde.com\/index.php\/wp-json\/wp\/v2\/categories?post=5054"},{"taxonomy":"post_tag","embeddable":true,"href":"https:\/\/radioparquecde.com\/index.php\/wp-json\/wp\/v2\/tags?post=5054"}],"curies":[{"name":"wp","href":"https:\/\/api.w.org\/{rel}","templated":true}]}}