{"id":5059,"date":"2022-09-07T09:02:38","date_gmt":"2022-09-07T13:02:38","guid":{"rendered":"https:\/\/radioparquecde.com\/?p=5059"},"modified":"2022-09-07T09:02:40","modified_gmt":"2022-09-07T13:02:40","slug":"una-motociclista-muere-y-otro-queda-herido-tras-accidente-en-minga-guazu","status":"publish","type":"post","link":"https:\/\/radioparquecde.com\/index.php\/2022\/09\/07\/una-motociclista-muere-y-otro-queda-herido-tras-accidente-en-minga-guazu\/","title":{"rendered":"Una motociclista muere y otro queda herido tras accidente en Minga Guaz\u00fa"},"content":{"rendered":"\n<p>Un accidente que involucr\u00f3 un autom\u00f3vil y dos motocicletas se cobr\u00f3 la vida de una mujer y dej\u00f3 mal herido a un hombre. El percance fatal se registr\u00f3 alrededor de las 20:30, a la altura del km 24 de la Ruta PY02 en el distrito de Minga Guaz\u00fa. Seg\u00fan los datos, el conductor de un veh\u00edculo atropell\u00f3 la lomada y se llev\u00f3 por delante a las v\u00edctimas que estaban cruzando la ruta de un lado a otro.<\/p>\n\n\n\n<p>Los datos indican que \u00c1lvaro Frutos Paredes (27), domiciliado en la ciudad de Pastoreo, conductor del autom\u00f3vil Kia R\u00edo de color rojo, a\u00f1o 2016, chapa n\u00ba CFB 238 Py., circulaba en sentido Minga Guaz\u00fa-Asunci\u00f3n, cuando al alcanzar el km 24 de la ruta PY02, no vio la lomada y la atropell\u00f3 a alta velocidad, llev\u00e1ndose por delante dos motocicletas.<\/p>\n\n\n\n<p>Una de ellas de la marca Maruti, HB110 BUZZ, a\u00f1o 2020, color Negro, chapa Mercosur n\u00ba 305 AAJH Py., al mando de Lilian Raquel Mercado Alcaraz (26), domiciliada en vida en el km 24 lado Monday, barrio San Miguel de esta ciudad.<\/p>\n\n\n\n<figure class=\"wp-block-image size-full\"><img loading=\"lazy\" decoding=\"async\" width=\"552\" height=\"679\" src=\"https:\/\/radioparquecde.com\/wp-content\/uploads\/2022\/09\/305692713_515266710599672_8190175667122024562_n.jpg\" alt=\"\" class=\"wp-image-5061\" srcset=\"https:\/\/radioparquecde.com\/wp-content\/uploads\/2022\/09\/305692713_515266710599672_8190175667122024562_n.jpg 552w, https:\/\/radioparquecde.com\/wp-content\/uploads\/2022\/09\/305692713_515266710599672_8190175667122024562_n-244x300.jpg 244w\" sizes=\"auto, (max-width: 552px) 100vw, 552px\" \/><\/figure>\n\n\n\n<p>El otro biciclo involucrado es de la marca Kenton, GL200, a\u00f1o 2021, color azul, con chapa Mercosur n\u00ba 937 AAGZ, guiado por Mauricio Maidana Guanez (21), qui\u00e9n sufri\u00f3 lesiones graves y fue derivado al IPS en una ambulancia de EPEM. Hasta el cierre de nuestra edici\u00f3n el hombre permanec\u00eda en estado grave.<\/p>\n\n\n\n<p>El conductor del autom\u00f3vil fue sometido a la prueba de alcotest cuyo resultado fue negativo, y qued\u00f3 detenido en la comisar\u00eda 8\u00aa. El caso fue comunicado al fiscal Alberto Torres.<\/p>\n","protected":false},"excerpt":{"rendered":"<p>Un accidente que involucr\u00f3 un autom\u00f3vil y dos motocicletas se cobr\u00f3 la vida de una&#8230;<\/p>\n","protected":false},"author":3,"featured_media":5062,"comment_status":"closed","ping_status":"closed","sticky":false,"template":"","format":"standard","meta":{"footnotes":""},"categories":[48,6],"tags":[],"class_list":["post-5059","post","type-post","status-publish","format-standard","has-post-thumbnail","hentry","category-alto-parana","category-noticias"],"featured_image_urls":{"full":["https:\/\/radioparquecde.com\/wp-content\/uploads\/2022\/09\/305692713_515266710599672_8190175667122024562_n-1.jpg",552,679,false],"thumbnail":["https:\/\/radioparquecde.com\/wp-content\/uploads\/2022\/09\/305692713_515266710599672_8190175667122024562_n-1-150x150.jpg",150,150,true],"medium":["https:\/\/radioparquecde.com\/wp-content\/uploads\/2022\/09\/305692713_515266710599672_8190175667122024562_n-1-244x300.jpg",244,300,true],"medium_large":["https:\/\/radioparquecde.com\/wp-content\/uploads\/2022\/09\/305692713_515266710599672_8190175667122024562_n-1.jpg",552,679,false],"large":["https:\/\/radioparquecde.com\/wp-content\/uploads\/2022\/09\/305692713_515266710599672_8190175667122024562_n-1.jpg",552,679,false],"1536x1536":["https:\/\/radioparquecde.com\/wp-content\/uploads\/2022\/09\/305692713_515266710599672_8190175667122024562_n-1.jpg",552,679,false],"2048x2048":["https:\/\/radioparquecde.com\/wp-content\/uploads\/2022\/09\/305692713_515266710599672_8190175667122024562_n-1.jpg",552,679,false],"newsphere-slider-full":["https:\/\/radioparquecde.com\/wp-content\/uploads\/2022\/09\/305692713_515266710599672_8190175667122024562_n-1.jpg",552,679,false],"newsphere-featured":["https:\/\/radioparquecde.com\/wp-content\/uploads\/2022\/09\/305692713_515266710599672_8190175667122024562_n-1.jpg",552,679,false],"newsphere-medium":["https:\/\/radioparquecde.com\/wp-content\/uploads\/2022\/09\/305692713_515266710599672_8190175667122024562_n-1-552x380.jpg",552,380,true]},"author_info":{"display_name":"Editor","author_link":"https:\/\/radioparquecde.com\/index.php\/author\/editor\/"},"category_info":"<a href=\"https:\/\/radioparquecde.com\/index.php\/category\/alto-parana\/\" rel=\"category tag\">ALTO PARAN\u00c1<\/a> <a href=\"https:\/\/radioparquecde.com\/index.php\/category\/noticias\/\" rel=\"category tag\">Noticias<\/a>","tag_info":"Noticias","comment_count":"0","_links":{"self":[{"href":"https:\/\/radioparquecde.com\/index.php\/wp-json\/wp\/v2\/posts\/5059","targetHints":{"allow":["GET"]}}],"collection":[{"href":"https:\/\/radioparquecde.com\/index.php\/wp-json\/wp\/v2\/posts"}],"about":[{"href":"https:\/\/radioparquecde.com\/index.php\/wp-json\/wp\/v2\/types\/post"}],"author":[{"embeddable":true,"href":"https:\/\/radioparquecde.com\/index.php\/wp-json\/wp\/v2\/users\/3"}],"replies":[{"embeddable":true,"href":"https:\/\/radioparquecde.com\/index.php\/wp-json\/wp\/v2\/comments?post=5059"}],"version-history":[{"count":1,"href":"https:\/\/radioparquecde.com\/index.php\/wp-json\/wp\/v2\/posts\/5059\/revisions"}],"predecessor-version":[{"id":5063,"href":"https:\/\/radioparquecde.com\/index.php\/wp-json\/wp\/v2\/posts\/5059\/revisions\/5063"}],"wp:featuredmedia":[{"embeddable":true,"href":"https:\/\/radioparquecde.com\/index.php\/wp-json\/wp\/v2\/media\/5062"}],"wp:attachment":[{"href":"https:\/\/radioparquecde.com\/index.php\/wp-json\/wp\/v2\/media?parent=5059"}],"wp:term":[{"taxonomy":"category","embeddable":true,"href":"https:\/\/radioparquecde.com\/index.php\/wp-json\/wp\/v2\/categories?post=5059"},{"taxonomy":"post_tag","embeddable":true,"href":"https:\/\/radioparquecde.com\/index.php\/wp-json\/wp\/v2\/tags?post=5059"}],"curies":[{"name":"wp","href":"https:\/\/api.w.org\/{rel}","templated":true}]}}