{"id":5086,"date":"2022-09-08T08:56:23","date_gmt":"2022-09-08T12:56:23","guid":{"rendered":"https:\/\/radioparquecde.com\/?p=5086"},"modified":"2022-09-08T08:56:25","modified_gmt":"2022-09-08T12:56:25","slug":"suspenden-e-inhabilitan-obra-de-instalacion-de-antena-en-minga-guazu","status":"publish","type":"post","link":"https:\/\/radioparquecde.com\/index.php\/2022\/09\/08\/suspenden-e-inhabilitan-obra-de-instalacion-de-antena-en-minga-guazu\/","title":{"rendered":"Suspenden e inhabilitan obra de instalaci\u00f3n de antena en Minga Guaz\u00fa"},"content":{"rendered":"\n<p>El intendente de Minga Guaz\u00fa, Diego R\u00edos, orden\u00f3 la suspensi\u00f3n e inhabilitaci\u00f3n de las obras de instalaci\u00f3n de una antena en el barrio San Felipe (km 20 Acaray) de este municipio. La instalaci\u00f3n se cobr\u00f3 la vida de dos vecinos que se opon\u00edan a su concreci\u00f3n el pasado 21 de agosto. La comunidad dej\u00f3 en claro el rechazo, por lo que el jefe comunal orden\u00f3 la inhabilitaci\u00f3n de la obra. El procedimiento de clausura se realiz\u00f3 ayer a la ma\u00f1ana y estuvo a cargo de la asesor\u00eda jur\u00eddica de la Municipalidad.<\/p>\n\n\n\n<figure class=\"wp-block-image size-large\"><img loading=\"lazy\" decoding=\"async\" width=\"1024\" height=\"768\" src=\"https:\/\/radioparquecde.com\/wp-content\/uploads\/2022\/09\/PAG-3-C-3-1024x768.jpg\" alt=\"\" class=\"wp-image-5088\" srcset=\"https:\/\/radioparquecde.com\/wp-content\/uploads\/2022\/09\/PAG-3-C-3-1024x768.jpg 1024w, https:\/\/radioparquecde.com\/wp-content\/uploads\/2022\/09\/PAG-3-C-3-300x225.jpg 300w, https:\/\/radioparquecde.com\/wp-content\/uploads\/2022\/09\/PAG-3-C-3-768x576.jpg 768w, https:\/\/radioparquecde.com\/wp-content\/uploads\/2022\/09\/PAG-3-C-3-1536x1152.jpg 1536w, https:\/\/radioparquecde.com\/wp-content\/uploads\/2022\/09\/PAG-3-C-3.jpg 1575w\" sizes=\"auto, (max-width: 1024px) 100vw, 1024px\" \/><\/figure>\n\n\n\n<p>Recordemos que, el 21 de agosto pasado, una movilizaci\u00f3n contra la instalaci\u00f3n de la antena 5G termin\u00f3 en tragedia, cuando el due\u00f1o del inmueble donde se instalar\u00eda la torre, Florent\u00edn Borja Segovia, de 51 a\u00f1os, repeli\u00f3 a tiros a los manifestantes. Durante la balacera, murieron Adriano Rojas Mart\u00ednez, de 59 a\u00f1os, y Oscar Daniel Mart\u00ednez Barrios, de 53.<\/p>\n\n\n\n<p>El presunto doble homicida sigue pr\u00f3fugo y su yerno Edgar Jon\u00e1s Ayala Rotela, de 24 a\u00f1os, est\u00e1 procesado por ayudarlo a escapar.<\/p>\n","protected":false},"excerpt":{"rendered":"<p>El intendente de Minga Guaz\u00fa, Diego R\u00edos, orden\u00f3 la suspensi\u00f3n e inhabilitaci\u00f3n de las obras&#8230;<\/p>\n","protected":false},"author":3,"featured_media":5089,"comment_status":"closed","ping_status":"closed","sticky":false,"template":"","format":"standard","meta":{"footnotes":""},"categories":[48,6],"tags":[],"class_list":["post-5086","post","type-post","status-publish","format-standard","has-post-thumbnail","hentry","category-alto-parana","category-noticias"],"featured_image_urls":{"full":["https:\/\/radioparquecde.com\/wp-content\/uploads\/2022\/09\/PAG-3-C-3-1.jpg",1575,1181,false],"thumbnail":["https:\/\/radioparquecde.com\/wp-content\/uploads\/2022\/09\/PAG-3-C-3-1-150x150.jpg",150,150,true],"medium":["https:\/\/radioparquecde.com\/wp-content\/uploads\/2022\/09\/PAG-3-C-3-1-300x225.jpg",300,225,true],"medium_large":["https:\/\/radioparquecde.com\/wp-content\/uploads\/2022\/09\/PAG-3-C-3-1-768x576.jpg",640,480,true],"large":["https:\/\/radioparquecde.com\/wp-content\/uploads\/2022\/09\/PAG-3-C-3-1-1024x768.jpg",640,480,true],"1536x1536":["https:\/\/radioparquecde.com\/wp-content\/uploads\/2022\/09\/PAG-3-C-3-1-1536x1152.jpg",1536,1152,true],"2048x2048":["https:\/\/radioparquecde.com\/wp-content\/uploads\/2022\/09\/PAG-3-C-3-1.jpg",1575,1181,false],"newsphere-slider-full":["https:\/\/radioparquecde.com\/wp-content\/uploads\/2022\/09\/PAG-3-C-3-1-1280x720.jpg",1280,720,true],"newsphere-featured":["https:\/\/radioparquecde.com\/wp-content\/uploads\/2022\/09\/PAG-3-C-3-1-1024x768.jpg",1024,768,true],"newsphere-medium":["https:\/\/radioparquecde.com\/wp-content\/uploads\/2022\/09\/PAG-3-C-3-1-720x380.jpg",720,380,true]},"author_info":{"display_name":"Editor","author_link":"https:\/\/radioparquecde.com\/index.php\/author\/editor\/"},"category_info":"<a href=\"https:\/\/radioparquecde.com\/index.php\/category\/alto-parana\/\" rel=\"category tag\">ALTO PARAN\u00c1<\/a> <a href=\"https:\/\/radioparquecde.com\/index.php\/category\/noticias\/\" rel=\"category tag\">Noticias<\/a>","tag_info":"Noticias","comment_count":"0","_links":{"self":[{"href":"https:\/\/radioparquecde.com\/index.php\/wp-json\/wp\/v2\/posts\/5086","targetHints":{"allow":["GET"]}}],"collection":[{"href":"https:\/\/radioparquecde.com\/index.php\/wp-json\/wp\/v2\/posts"}],"about":[{"href":"https:\/\/radioparquecde.com\/index.php\/wp-json\/wp\/v2\/types\/post"}],"author":[{"embeddable":true,"href":"https:\/\/radioparquecde.com\/index.php\/wp-json\/wp\/v2\/users\/3"}],"replies":[{"embeddable":true,"href":"https:\/\/radioparquecde.com\/index.php\/wp-json\/wp\/v2\/comments?post=5086"}],"version-history":[{"count":1,"href":"https:\/\/radioparquecde.com\/index.php\/wp-json\/wp\/v2\/posts\/5086\/revisions"}],"predecessor-version":[{"id":5090,"href":"https:\/\/radioparquecde.com\/index.php\/wp-json\/wp\/v2\/posts\/5086\/revisions\/5090"}],"wp:featuredmedia":[{"embeddable":true,"href":"https:\/\/radioparquecde.com\/index.php\/wp-json\/wp\/v2\/media\/5089"}],"wp:attachment":[{"href":"https:\/\/radioparquecde.com\/index.php\/wp-json\/wp\/v2\/media?parent=5086"}],"wp:term":[{"taxonomy":"category","embeddable":true,"href":"https:\/\/radioparquecde.com\/index.php\/wp-json\/wp\/v2\/categories?post=5086"},{"taxonomy":"post_tag","embeddable":true,"href":"https:\/\/radioparquecde.com\/index.php\/wp-json\/wp\/v2\/tags?post=5086"}],"curies":[{"name":"wp","href":"https:\/\/api.w.org\/{rel}","templated":true}]}}