{"id":5304,"date":"2022-09-20T08:14:01","date_gmt":"2022-09-20T12:14:01","guid":{"rendered":"https:\/\/radioparquecde.com\/?p=5304"},"modified":"2022-09-20T08:14:04","modified_gmt":"2022-09-20T12:14:04","slug":"desde-hoy-se-reanudan-los-vuelos-comerciales-en-el-aeropuerto-guarani","status":"publish","type":"post","link":"https:\/\/radioparquecde.com\/index.php\/2022\/09\/20\/desde-hoy-se-reanudan-los-vuelos-comerciales-en-el-aeropuerto-guarani\/","title":{"rendered":"Desde hoy se reanudan los vuelos comerciales en el aeropuerto Guaran\u00ed"},"content":{"rendered":"\n<p>Luego de m\u00e1s de dos a\u00f1os de cese de operaciones, desde hoy se reanudan los vuelos comerciales en el aeropuerto Guaran\u00ed de Minga Guaz\u00fa, con frecuencias de dos veces por semana, en forma directa desde Asunci\u00f3n. Este martes se realiza un acto en la terminal aeroportuaria del Alto Paran\u00e1 para el reinicio de los vuelos comerciales internos.<\/p>\n\n\n\n<p>La aerol\u00ednea de bandera paraguaya Paranair volver\u00e1 a operar la ruta Asunci\u00f3n-Ciudad del Este; de hecho, la misma fue bastante solicitada desde la reapertura del paso fronterizo y la vuelta a las actividades en el comercio y otras en la zona de la capital departamental y alrededores. La empresa a\u00e9rea hab\u00eda ya hecho el anuncio el mes pasado, luego de reunirse con autoridades nacionales.<\/p>\n\n\n\n<p>En la ocasi\u00f3n, Jaime Cassola, gerente general de la empresa a\u00e9rea, mencion\u00f3 que constituye una satisfacci\u00f3n reanudar las operaciones a Ciudad del Este, urbe que fue el primer destino donde volaron y significa una cercan\u00eda de Paraguay con el mundo. La operaci\u00f3n ser\u00e1 favorable para fortalecer los lazos comerciales y de turismo entre Asunci\u00f3n y la capital altoparanaense y de estos destinos con la regi\u00f3n.<\/p>\n\n\n\n<p>La idea de Paranair es aumentar las frecuencias a este destino gradualmente. Los pasajeros tendr\u00e1n derecho a 23 kilos de equipaje facturado y cinco kilos de equipaje de mano y podr\u00e1n conectar con las ciudades de Buenos Aires y Montevideo.<\/p>\n\n\n\n<p>LA AGENDA PARA HOY<\/p>\n\n\n\n<p>La aeronave ZP 800 saldr\u00e1 de Asunci\u00f3n a las 11:30 y est\u00e1 previsto su arribo al aeropuerto Guaran\u00ed a las 12:10, por ello est\u00e1 prevista la presentaci\u00f3n de invitados, luego el arribo de la aeronave con el tradicional bautismo que se har\u00e1 en la terminal aeroportuaria de Minga Guaz\u00fa, el recorrido por la zona de embarque, el tradicional brindis por el reinicio de las actividades, el corte de cinta y el embarque de los pasajeros hasta la capital del pa\u00eds.<\/p>\n\n\n\n<figure class=\"wp-block-image size-large\"><img loading=\"lazy\" decoding=\"async\" width=\"1024\" height=\"682\" src=\"https:\/\/radioparquecde.com\/wp-content\/uploads\/2022\/09\/PAG-3-A-9-1024x682.jpg\" alt=\"\" class=\"wp-image-5306\" srcset=\"https:\/\/radioparquecde.com\/wp-content\/uploads\/2022\/09\/PAG-3-A-9-1024x682.jpg 1024w, https:\/\/radioparquecde.com\/wp-content\/uploads\/2022\/09\/PAG-3-A-9-300x200.jpg 300w, https:\/\/radioparquecde.com\/wp-content\/uploads\/2022\/09\/PAG-3-A-9-768x512.jpg 768w, https:\/\/radioparquecde.com\/wp-content\/uploads\/2022\/09\/PAG-3-A-9-1536x1023.jpg 1536w, https:\/\/radioparquecde.com\/wp-content\/uploads\/2022\/09\/PAG-3-A-9.jpg 2048w\" sizes=\"auto, (max-width: 1024px) 100vw, 1024px\" \/><\/figure>\n\n\n\n<p>Los vuelos comerciales han cesado en el aeropuerto minguero y con este que se reincorpora en la zona, es un valor agregado muy importante a las actividades comerciales que se realizan en Ciudad del Este y la regi\u00f3n de las tres fronteras. Muchos ejecutivos, empresarios y otros trabajadores, reclamaron, precisamente, que los vuelos internos se hicieron esperar, luego de la pandemia.<\/p>\n\n\n\n<p>El aeropuerto Guaran\u00ed tiene tres tipos de operaciones, comercial, civil y el carguero, este \u00faltimo que llega con mayor frecuencia en la terminal aeroportuaria de la zona Este, con mercader\u00edas que provienen de varios puntos del mundo, atendiendo al movimiento comercial que tiene Ciudad del Este.<\/p>\n","protected":false},"excerpt":{"rendered":"<p>Luego de m\u00e1s de dos a\u00f1os de cese de operaciones, desde hoy se reanudan los&#8230;<\/p>\n","protected":false},"author":3,"featured_media":5307,"comment_status":"closed","ping_status":"closed","sticky":false,"template":"","format":"standard","meta":{"footnotes":""},"categories":[48,6],"tags":[],"class_list":["post-5304","post","type-post","status-publish","format-standard","has-post-thumbnail","hentry","category-alto-parana","category-noticias"],"featured_image_urls":{"full":["https:\/\/radioparquecde.com\/wp-content\/uploads\/2022\/09\/PAG-3-A-9-1.jpg",2048,1364,false],"thumbnail":["https:\/\/radioparquecde.com\/wp-content\/uploads\/2022\/09\/PAG-3-A-9-1-150x150.jpg",150,150,true],"medium":["https:\/\/radioparquecde.com\/wp-content\/uploads\/2022\/09\/PAG-3-A-9-1-300x200.jpg",300,200,true],"medium_large":["https:\/\/radioparquecde.com\/wp-content\/uploads\/2022\/09\/PAG-3-A-9-1-768x512.jpg",640,427,true],"large":["https:\/\/radioparquecde.com\/wp-content\/uploads\/2022\/09\/PAG-3-A-9-1-1024x682.jpg",640,426,true],"1536x1536":["https:\/\/radioparquecde.com\/wp-content\/uploads\/2022\/09\/PAG-3-A-9-1-1536x1023.jpg",1536,1023,true],"2048x2048":["https:\/\/radioparquecde.com\/wp-content\/uploads\/2022\/09\/PAG-3-A-9-1.jpg",2048,1364,false],"newsphere-slider-full":["https:\/\/radioparquecde.com\/wp-content\/uploads\/2022\/09\/PAG-3-A-9-1-1280x720.jpg",1280,720,true],"newsphere-featured":["https:\/\/radioparquecde.com\/wp-content\/uploads\/2022\/09\/PAG-3-A-9-1-1024x682.jpg",1024,682,true],"newsphere-medium":["https:\/\/radioparquecde.com\/wp-content\/uploads\/2022\/09\/PAG-3-A-9-1-720x380.jpg",720,380,true]},"author_info":{"display_name":"Editor","author_link":"https:\/\/radioparquecde.com\/index.php\/author\/editor\/"},"category_info":"<a href=\"https:\/\/radioparquecde.com\/index.php\/category\/alto-parana\/\" rel=\"category tag\">ALTO PARAN\u00c1<\/a> <a href=\"https:\/\/radioparquecde.com\/index.php\/category\/noticias\/\" rel=\"category tag\">Noticias<\/a>","tag_info":"Noticias","comment_count":"0","_links":{"self":[{"href":"https:\/\/radioparquecde.com\/index.php\/wp-json\/wp\/v2\/posts\/5304","targetHints":{"allow":["GET"]}}],"collection":[{"href":"https:\/\/radioparquecde.com\/index.php\/wp-json\/wp\/v2\/posts"}],"about":[{"href":"https:\/\/radioparquecde.com\/index.php\/wp-json\/wp\/v2\/types\/post"}],"author":[{"embeddable":true,"href":"https:\/\/radioparquecde.com\/index.php\/wp-json\/wp\/v2\/users\/3"}],"replies":[{"embeddable":true,"href":"https:\/\/radioparquecde.com\/index.php\/wp-json\/wp\/v2\/comments?post=5304"}],"version-history":[{"count":1,"href":"https:\/\/radioparquecde.com\/index.php\/wp-json\/wp\/v2\/posts\/5304\/revisions"}],"predecessor-version":[{"id":5308,"href":"https:\/\/radioparquecde.com\/index.php\/wp-json\/wp\/v2\/posts\/5304\/revisions\/5308"}],"wp:featuredmedia":[{"embeddable":true,"href":"https:\/\/radioparquecde.com\/index.php\/wp-json\/wp\/v2\/media\/5307"}],"wp:attachment":[{"href":"https:\/\/radioparquecde.com\/index.php\/wp-json\/wp\/v2\/media?parent=5304"}],"wp:term":[{"taxonomy":"category","embeddable":true,"href":"https:\/\/radioparquecde.com\/index.php\/wp-json\/wp\/v2\/categories?post=5304"},{"taxonomy":"post_tag","embeddable":true,"href":"https:\/\/radioparquecde.com\/index.php\/wp-json\/wp\/v2\/tags?post=5304"}],"curies":[{"name":"wp","href":"https:\/\/api.w.org\/{rel}","templated":true}]}}