{"id":5352,"date":"2022-09-22T09:02:36","date_gmt":"2022-09-22T13:02:36","guid":{"rendered":"https:\/\/radioparquecde.com\/?p=5352"},"modified":"2022-09-22T09:02:37","modified_gmt":"2022-09-22T13:02:37","slug":"aprueban-llamado-para-construccion-de-puentes-y-empedrados-en-cde","status":"publish","type":"post","link":"https:\/\/radioparquecde.com\/index.php\/2022\/09\/22\/aprueban-llamado-para-construccion-de-puentes-y-empedrados-en-cde\/","title":{"rendered":"Aprueban llamado para construcci\u00f3n de puentes y empedrados en CDE"},"content":{"rendered":"\n<p>La Junta Municipal de Ciudad del Este, durante la sesi\u00f3n ordinaria de ayer autoriz\u00f3 al Ejecutivo Municipal, a cargo de Miguel Prieto para realizar el llamado a licitaci\u00f3n p\u00fablica nacional para la construcci\u00f3n y reconstrucci\u00f3n de puentes y empedrados, de manera plurianual, es decir, ejercicio 2022-2023.<\/p>\n\n\n\n<p>Tras el dictamen favorable de las comisiones asesoras del cuerpo legislativo, los ediles aprobaron el pliego de bases y condiciones, las especificaciones t\u00e9cnicas y planillas con el monto referencial de Gs.7.980.714.780 (siete mil novecientos ochenta millones setecientos catorce mil setecientos ochenta guaran\u00edes).<\/p>\n\n\n\n<figure class=\"wp-block-image size-large\"><img loading=\"lazy\" decoding=\"async\" width=\"1024\" height=\"768\" src=\"https:\/\/radioparquecde.com\/wp-content\/uploads\/2022\/09\/PAG-2-B-LLAMADO-1024x768.jpg\" alt=\"\" class=\"wp-image-5354\" srcset=\"https:\/\/radioparquecde.com\/wp-content\/uploads\/2022\/09\/PAG-2-B-LLAMADO-1024x768.jpg 1024w, https:\/\/radioparquecde.com\/wp-content\/uploads\/2022\/09\/PAG-2-B-LLAMADO-300x225.jpg 300w, https:\/\/radioparquecde.com\/wp-content\/uploads\/2022\/09\/PAG-2-B-LLAMADO-768x576.jpg 768w, https:\/\/radioparquecde.com\/wp-content\/uploads\/2022\/09\/PAG-2-B-LLAMADO.jpg 1280w\" sizes=\"auto, (max-width: 1024px) 100vw, 1024px\" \/><\/figure>\n\n\n\n<p>Estas obras ser\u00e1n financiadas por los fondos ROYALTIES. Se trata de 33 lotes de construcci\u00f3n de empedrados que beneficiar\u00e1n a la comunidad, para mejorar la infraestructura vial y la movilidad de los ciudadanos<\/p>\n","protected":false},"excerpt":{"rendered":"<p>La Junta Municipal de Ciudad del Este, durante la sesi\u00f3n ordinaria de ayer autoriz\u00f3 al&#8230;<\/p>\n","protected":false},"author":3,"featured_media":5355,"comment_status":"closed","ping_status":"closed","sticky":false,"template":"","format":"standard","meta":{"footnotes":""},"categories":[48,6],"tags":[],"class_list":["post-5352","post","type-post","status-publish","format-standard","has-post-thumbnail","hentry","category-alto-parana","category-noticias"],"featured_image_urls":{"full":["https:\/\/radioparquecde.com\/wp-content\/uploads\/2022\/09\/PAG-2-B-LLAMADO-1.jpg",1280,960,false],"thumbnail":["https:\/\/radioparquecde.com\/wp-content\/uploads\/2022\/09\/PAG-2-B-LLAMADO-1-150x150.jpg",150,150,true],"medium":["https:\/\/radioparquecde.com\/wp-content\/uploads\/2022\/09\/PAG-2-B-LLAMADO-1-300x225.jpg",300,225,true],"medium_large":["https:\/\/radioparquecde.com\/wp-content\/uploads\/2022\/09\/PAG-2-B-LLAMADO-1-768x576.jpg",640,480,true],"large":["https:\/\/radioparquecde.com\/wp-content\/uploads\/2022\/09\/PAG-2-B-LLAMADO-1-1024x768.jpg",640,480,true],"1536x1536":["https:\/\/radioparquecde.com\/wp-content\/uploads\/2022\/09\/PAG-2-B-LLAMADO-1.jpg",1280,960,false],"2048x2048":["https:\/\/radioparquecde.com\/wp-content\/uploads\/2022\/09\/PAG-2-B-LLAMADO-1.jpg",1280,960,false],"newsphere-slider-full":["https:\/\/radioparquecde.com\/wp-content\/uploads\/2022\/09\/PAG-2-B-LLAMADO-1-1280x720.jpg",1280,720,true],"newsphere-featured":["https:\/\/radioparquecde.com\/wp-content\/uploads\/2022\/09\/PAG-2-B-LLAMADO-1-1024x768.jpg",1024,768,true],"newsphere-medium":["https:\/\/radioparquecde.com\/wp-content\/uploads\/2022\/09\/PAG-2-B-LLAMADO-1-720x380.jpg",720,380,true]},"author_info":{"display_name":"Editor","author_link":"https:\/\/radioparquecde.com\/index.php\/author\/editor\/"},"category_info":"<a href=\"https:\/\/radioparquecde.com\/index.php\/category\/alto-parana\/\" rel=\"category tag\">ALTO PARAN\u00c1<\/a> <a href=\"https:\/\/radioparquecde.com\/index.php\/category\/noticias\/\" rel=\"category tag\">Noticias<\/a>","tag_info":"Noticias","comment_count":"0","_links":{"self":[{"href":"https:\/\/radioparquecde.com\/index.php\/wp-json\/wp\/v2\/posts\/5352","targetHints":{"allow":["GET"]}}],"collection":[{"href":"https:\/\/radioparquecde.com\/index.php\/wp-json\/wp\/v2\/posts"}],"about":[{"href":"https:\/\/radioparquecde.com\/index.php\/wp-json\/wp\/v2\/types\/post"}],"author":[{"embeddable":true,"href":"https:\/\/radioparquecde.com\/index.php\/wp-json\/wp\/v2\/users\/3"}],"replies":[{"embeddable":true,"href":"https:\/\/radioparquecde.com\/index.php\/wp-json\/wp\/v2\/comments?post=5352"}],"version-history":[{"count":1,"href":"https:\/\/radioparquecde.com\/index.php\/wp-json\/wp\/v2\/posts\/5352\/revisions"}],"predecessor-version":[{"id":5356,"href":"https:\/\/radioparquecde.com\/index.php\/wp-json\/wp\/v2\/posts\/5352\/revisions\/5356"}],"wp:featuredmedia":[{"embeddable":true,"href":"https:\/\/radioparquecde.com\/index.php\/wp-json\/wp\/v2\/media\/5355"}],"wp:attachment":[{"href":"https:\/\/radioparquecde.com\/index.php\/wp-json\/wp\/v2\/media?parent=5352"}],"wp:term":[{"taxonomy":"category","embeddable":true,"href":"https:\/\/radioparquecde.com\/index.php\/wp-json\/wp\/v2\/categories?post=5352"},{"taxonomy":"post_tag","embeddable":true,"href":"https:\/\/radioparquecde.com\/index.php\/wp-json\/wp\/v2\/tags?post=5352"}],"curies":[{"name":"wp","href":"https:\/\/api.w.org\/{rel}","templated":true}]}}