{"id":5357,"date":"2022-09-22T09:58:03","date_gmt":"2022-09-22T13:58:03","guid":{"rendered":"https:\/\/radioparquecde.com\/?p=5357"},"modified":"2022-09-22T09:58:04","modified_gmt":"2022-09-22T13:58:04","slug":"beba-se-ahogo-en-un-charco-de-agua-despues-de-la-lluvia","status":"publish","type":"post","link":"https:\/\/radioparquecde.com\/index.php\/2022\/09\/22\/beba-se-ahogo-en-un-charco-de-agua-despues-de-la-lluvia\/","title":{"rendered":"Beba se ahog\u00f3 en un charco de agua, despu\u00e9s de la lluvia"},"content":{"rendered":"\n<p>La peque\u00f1a jugaba en el patio despu\u00e9s de la lluvia. El accidente ocurri\u00f3 en Ciudad del Este<\/p>\n\n\n\n<p>Una beba de un a\u00f1o y cinco meses falleci\u00f3 ahogada tras caer a un charco de agua en el patio de su casa. La ni\u00f1a, identificada con las iniciales A.M.O.D., fue auxiliada hasta un sanatorio privado de Ciudad del Este, donde intentaron reanimarla varias veces, pero no resisti\u00f3. El accidente ocurri\u00f3 alrededor de las 16:50, en el asentamiento San Miguel, del barrio Che La Reina de la mencionada ciudad. Seg\u00fan los datos, la v\u00edctima estaba jugando y, de repente, se cay\u00f3 a un peque\u00f1o hoyo donde se hab\u00eda acumulado agua por la lluvia registrada en la zona. Su abuela, quien estaba a cargo del cuidado en ese momento, la encontr\u00f3 y la llev\u00f3 inmediatamente al centro m\u00e9dico donde se confirm\u00f3 su deceso. El hecho se comunic\u00f3 al fiscal de turno Osvaldo Zaracho, quien realiz\u00f3 el procedimiento y dispuso la entrega del cuerpo a sus familiares.<\/p>\n\n\n\n<figure class=\"wp-block-image size-full\"><img loading=\"lazy\" decoding=\"async\" width=\"726\" height=\"406\" src=\"https:\/\/radioparquecde.com\/wp-content\/uploads\/2022\/09\/capture-20220922-095705.png\" alt=\"\" class=\"wp-image-5359\" srcset=\"https:\/\/radioparquecde.com\/wp-content\/uploads\/2022\/09\/capture-20220922-095705.png 726w, https:\/\/radioparquecde.com\/wp-content\/uploads\/2022\/09\/capture-20220922-095705-300x168.png 300w\" sizes=\"auto, (max-width: 726px) 100vw, 726px\" \/><\/figure>\n","protected":false},"excerpt":{"rendered":"<p>La peque\u00f1a jugaba en el patio despu\u00e9s de la lluvia. El accidente ocurri\u00f3 en Ciudad&#8230;<\/p>\n","protected":false},"author":3,"featured_media":5360,"comment_status":"closed","ping_status":"closed","sticky":false,"template":"","format":"standard","meta":{"footnotes":""},"categories":[48,6],"tags":[],"class_list":["post-5357","post","type-post","status-publish","format-standard","has-post-thumbnail","hentry","category-alto-parana","category-noticias"],"featured_image_urls":{"full":["https:\/\/radioparquecde.com\/wp-content\/uploads\/2022\/09\/capture-20220922-095705-1.png",726,406,false],"thumbnail":["https:\/\/radioparquecde.com\/wp-content\/uploads\/2022\/09\/capture-20220922-095705-1-150x150.png",150,150,true],"medium":["https:\/\/radioparquecde.com\/wp-content\/uploads\/2022\/09\/capture-20220922-095705-1-300x168.png",300,168,true],"medium_large":["https:\/\/radioparquecde.com\/wp-content\/uploads\/2022\/09\/capture-20220922-095705-1.png",640,358,false],"large":["https:\/\/radioparquecde.com\/wp-content\/uploads\/2022\/09\/capture-20220922-095705-1.png",640,358,false],"1536x1536":["https:\/\/radioparquecde.com\/wp-content\/uploads\/2022\/09\/capture-20220922-095705-1.png",726,406,false],"2048x2048":["https:\/\/radioparquecde.com\/wp-content\/uploads\/2022\/09\/capture-20220922-095705-1.png",726,406,false],"newsphere-slider-full":["https:\/\/radioparquecde.com\/wp-content\/uploads\/2022\/09\/capture-20220922-095705-1.png",726,406,false],"newsphere-featured":["https:\/\/radioparquecde.com\/wp-content\/uploads\/2022\/09\/capture-20220922-095705-1.png",726,406,false],"newsphere-medium":["https:\/\/radioparquecde.com\/wp-content\/uploads\/2022\/09\/capture-20220922-095705-1-720x380.png",720,380,true]},"author_info":{"display_name":"Editor","author_link":"https:\/\/radioparquecde.com\/index.php\/author\/editor\/"},"category_info":"<a href=\"https:\/\/radioparquecde.com\/index.php\/category\/alto-parana\/\" rel=\"category tag\">ALTO PARAN\u00c1<\/a> <a href=\"https:\/\/radioparquecde.com\/index.php\/category\/noticias\/\" rel=\"category tag\">Noticias<\/a>","tag_info":"Noticias","comment_count":"0","_links":{"self":[{"href":"https:\/\/radioparquecde.com\/index.php\/wp-json\/wp\/v2\/posts\/5357","targetHints":{"allow":["GET"]}}],"collection":[{"href":"https:\/\/radioparquecde.com\/index.php\/wp-json\/wp\/v2\/posts"}],"about":[{"href":"https:\/\/radioparquecde.com\/index.php\/wp-json\/wp\/v2\/types\/post"}],"author":[{"embeddable":true,"href":"https:\/\/radioparquecde.com\/index.php\/wp-json\/wp\/v2\/users\/3"}],"replies":[{"embeddable":true,"href":"https:\/\/radioparquecde.com\/index.php\/wp-json\/wp\/v2\/comments?post=5357"}],"version-history":[{"count":1,"href":"https:\/\/radioparquecde.com\/index.php\/wp-json\/wp\/v2\/posts\/5357\/revisions"}],"predecessor-version":[{"id":5361,"href":"https:\/\/radioparquecde.com\/index.php\/wp-json\/wp\/v2\/posts\/5357\/revisions\/5361"}],"wp:featuredmedia":[{"embeddable":true,"href":"https:\/\/radioparquecde.com\/index.php\/wp-json\/wp\/v2\/media\/5360"}],"wp:attachment":[{"href":"https:\/\/radioparquecde.com\/index.php\/wp-json\/wp\/v2\/media?parent=5357"}],"wp:term":[{"taxonomy":"category","embeddable":true,"href":"https:\/\/radioparquecde.com\/index.php\/wp-json\/wp\/v2\/categories?post=5357"},{"taxonomy":"post_tag","embeddable":true,"href":"https:\/\/radioparquecde.com\/index.php\/wp-json\/wp\/v2\/tags?post=5357"}],"curies":[{"name":"wp","href":"https:\/\/api.w.org\/{rel}","templated":true}]}}