{"id":5391,"date":"2022-09-23T13:47:08","date_gmt":"2022-09-23T17:47:08","guid":{"rendered":"https:\/\/radioparquecde.com\/?p=5391"},"modified":"2022-09-23T13:47:09","modified_gmt":"2022-09-23T17:47:09","slug":"calzada-del-puente-de-la-integracion-esta-lista-para-el-transito-y-se-trabaja-en-los-ultimos-detalles","status":"publish","type":"post","link":"https:\/\/radioparquecde.com\/index.php\/2022\/09\/23\/calzada-del-puente-de-la-integracion-esta-lista-para-el-transito-y-se-trabaja-en-los-ultimos-detalles\/","title":{"rendered":"Calzada del Puente de la Integraci\u00f3n est\u00e1 lista para el tr\u00e1nsito y se trabaja en los \u00faltimos detalles"},"content":{"rendered":"\n<p>Concluyeron el mi\u00e9rcoles 21 de septiembre los trabajos de hormigonado de juntas de las losetas prefabricadas que conforman la calzada del Puente de la Integraci\u00f3n, lo que ya permite el tr\u00e1nsito por el tramo, aunque a\u00fan se ajustan los \u00faltimos detalles de la megaestructura. El emprendimiento vial, que unir\u00e1 a las ciudades de Presidente Franco (Paraguay) y Foz de Yguaz\u00fa (Brasil) es financiado por ITAIPU por valor de USD 84 millones.<\/p>\n\n\n\n<p>Veh\u00edculos, maquinarias y equipos de la empresa contratista ya hicieron las pruebas de circulaci\u00f3n por la calzada del puente; sin embargo, prosiguen los trabajos de terminaci\u00f3n para dejar a punto la nueva conexi\u00f3n vial internacional; entre ellos figuran instalaci\u00f3n del sistema de iluminaci\u00f3n, de barreras tipo New Jersey, barandas antisuicidio, las se\u00f1alizaciones, entre otros, seg\u00fan explic\u00f3 el ingeniero P\u00e1nfilo Ben\u00edtez, asesor especial de la Direcci\u00f3n de Coordinaci\u00f3n de la Binacional.<\/p>\n\n\n\n<p>El pasado 31 de agosto el presidente de la Rep\u00fablica, Mario Abdo Ben\u00edtez, y su par brasile\u00f1o, Jair Bolsonaro, participaron de la colocaci\u00f3n de la dovela conocida como \u201cclave\u201d, ubicada en el centro del tablero del puente. Esta pieza, de 5,75 metros de largura y 20 toneladas, conect\u00f3 por primera vez los lados paraguayo y brasile\u00f1o de la nueva uni\u00f3n f\u00edsica sobre el r\u00edo Paran\u00e1.<\/p>\n\n\n\n<p>Este evento fue seguido con mucho entusiasmo por la ciudadan\u00eda, puesto que tras 57 a\u00f1os de haber sido construido el Puente de la Amistad se concret\u00f3 la edificaci\u00f3n de una nueva conexi\u00f3n vial sobre el r\u00edo Paran\u00e1 con el pa\u00eds vecino.<\/p>\n\n\n\n<figure class=\"wp-block-image size-full\"><img loading=\"lazy\" decoding=\"async\" width=\"1000\" height=\"562\" src=\"https:\/\/radioparquecde.com\/wp-content\/uploads\/2022\/09\/puente-1.jpg\" alt=\"\" class=\"wp-image-5393\" srcset=\"https:\/\/radioparquecde.com\/wp-content\/uploads\/2022\/09\/puente-1.jpg 1000w, https:\/\/radioparquecde.com\/wp-content\/uploads\/2022\/09\/puente-1-300x169.jpg 300w, https:\/\/radioparquecde.com\/wp-content\/uploads\/2022\/09\/puente-1-768x432.jpg 768w\" sizes=\"auto, (max-width: 1000px) 100vw, 1000px\" \/><\/figure>\n\n\n\n<p>El puente consta de 37 dovelas met\u00e1licas, 18 en cada lado, y la dovela central, o clave, completando as\u00ed la superestructura. Sobre cada dovela se efectu\u00f3 el montaje de las losas prefabricadas, cuyas juntas fueron hormigonadas.<\/p>\n\n\n\n<p>Este nuevo paso fronterizo, adem\u00e1s de convertirse en una importante v\u00eda de comunicaci\u00f3n para descomprimir y agilizar el tr\u00e1nsito en la zona, potenciar\u00e1 el creciente desarrollo socioecon\u00f3mico de ambas naciones promotoras del emprendimiento. Cabe resaltar que la construcci\u00f3n del Puente de la Integraci\u00f3n se inici\u00f3 en el a\u00f1o 2019 y se prev\u00e9 su culminaci\u00f3n en noviembre de este a\u00f1o.<\/p>\n","protected":false},"excerpt":{"rendered":"<p>Concluyeron el mi\u00e9rcoles 21 de septiembre los trabajos de hormigonado de juntas de las losetas&#8230;<\/p>\n","protected":false},"author":3,"featured_media":5394,"comment_status":"closed","ping_status":"closed","sticky":false,"template":"","format":"standard","meta":{"footnotes":""},"categories":[48,6],"tags":[],"class_list":["post-5391","post","type-post","status-publish","format-standard","has-post-thumbnail","hentry","category-alto-parana","category-noticias"],"featured_image_urls":{"full":["https:\/\/radioparquecde.com\/wp-content\/uploads\/2022\/09\/puente-1-1.jpg",1000,562,false],"thumbnail":["https:\/\/radioparquecde.com\/wp-content\/uploads\/2022\/09\/puente-1-1-150x150.jpg",150,150,true],"medium":["https:\/\/radioparquecde.com\/wp-content\/uploads\/2022\/09\/puente-1-1-300x169.jpg",300,169,true],"medium_large":["https:\/\/radioparquecde.com\/wp-content\/uploads\/2022\/09\/puente-1-1-768x432.jpg",640,360,true],"large":["https:\/\/radioparquecde.com\/wp-content\/uploads\/2022\/09\/puente-1-1.jpg",640,360,false],"1536x1536":["https:\/\/radioparquecde.com\/wp-content\/uploads\/2022\/09\/puente-1-1.jpg",1000,562,false],"2048x2048":["https:\/\/radioparquecde.com\/wp-content\/uploads\/2022\/09\/puente-1-1.jpg",1000,562,false],"newsphere-slider-full":["https:\/\/radioparquecde.com\/wp-content\/uploads\/2022\/09\/puente-1-1.jpg",1000,562,false],"newsphere-featured":["https:\/\/radioparquecde.com\/wp-content\/uploads\/2022\/09\/puente-1-1.jpg",1000,562,false],"newsphere-medium":["https:\/\/radioparquecde.com\/wp-content\/uploads\/2022\/09\/puente-1-1-720x380.jpg",720,380,true]},"author_info":{"display_name":"Editor","author_link":"https:\/\/radioparquecde.com\/index.php\/author\/editor\/"},"category_info":"<a href=\"https:\/\/radioparquecde.com\/index.php\/category\/alto-parana\/\" rel=\"category tag\">ALTO PARAN\u00c1<\/a> <a href=\"https:\/\/radioparquecde.com\/index.php\/category\/noticias\/\" rel=\"category tag\">Noticias<\/a>","tag_info":"Noticias","comment_count":"0","_links":{"self":[{"href":"https:\/\/radioparquecde.com\/index.php\/wp-json\/wp\/v2\/posts\/5391","targetHints":{"allow":["GET"]}}],"collection":[{"href":"https:\/\/radioparquecde.com\/index.php\/wp-json\/wp\/v2\/posts"}],"about":[{"href":"https:\/\/radioparquecde.com\/index.php\/wp-json\/wp\/v2\/types\/post"}],"author":[{"embeddable":true,"href":"https:\/\/radioparquecde.com\/index.php\/wp-json\/wp\/v2\/users\/3"}],"replies":[{"embeddable":true,"href":"https:\/\/radioparquecde.com\/index.php\/wp-json\/wp\/v2\/comments?post=5391"}],"version-history":[{"count":1,"href":"https:\/\/radioparquecde.com\/index.php\/wp-json\/wp\/v2\/posts\/5391\/revisions"}],"predecessor-version":[{"id":5395,"href":"https:\/\/radioparquecde.com\/index.php\/wp-json\/wp\/v2\/posts\/5391\/revisions\/5395"}],"wp:featuredmedia":[{"embeddable":true,"href":"https:\/\/radioparquecde.com\/index.php\/wp-json\/wp\/v2\/media\/5394"}],"wp:attachment":[{"href":"https:\/\/radioparquecde.com\/index.php\/wp-json\/wp\/v2\/media?parent=5391"}],"wp:term":[{"taxonomy":"category","embeddable":true,"href":"https:\/\/radioparquecde.com\/index.php\/wp-json\/wp\/v2\/categories?post=5391"},{"taxonomy":"post_tag","embeddable":true,"href":"https:\/\/radioparquecde.com\/index.php\/wp-json\/wp\/v2\/tags?post=5391"}],"curies":[{"name":"wp","href":"https:\/\/api.w.org\/{rel}","templated":true}]}}