{"id":5452,"date":"2022-09-27T07:44:53","date_gmt":"2022-09-27T11:44:53","guid":{"rendered":"https:\/\/radioparquecde.com\/?p=5452"},"modified":"2022-09-27T07:44:55","modified_gmt":"2022-09-27T11:44:55","slug":"la-junta-municipal-de-franco-rechaza-por-unanimidad-plan-de-transformacion-educativa","status":"publish","type":"post","link":"https:\/\/radioparquecde.com\/index.php\/2022\/09\/27\/la-junta-municipal-de-franco-rechaza-por-unanimidad-plan-de-transformacion-educativa\/","title":{"rendered":"La Junta Municipal de Franco rechaza por unanimidad Plan de Transformaci\u00f3n Educativa"},"content":{"rendered":"\n<p>La Junta Municipal de Presidente Franco rechaz\u00f3 ayer por unanimidad el Plan Nacional de \u201cTransformaci\u00f3n Educativa\u201d planteado por el Ministerio de Educaci\u00f3n y Ciencias (MEC), en todas las instituciones escolares de la ciudad, dando un rotundo no a dicho proyecto y remarcando que \u201cla familia seguir\u00e1 siendo la base de la sociedad paraguaya\u201d. Dicho proyecto educativo est\u00e1 envuelto en gran pol\u00e9mica, debido a su alto contenido ideol\u00f3gico de amplio alcance, que abre las puertas a modelos que organismos internacionales vienen imponiendo en diversos pa\u00edses, basados en la ideolog\u00eda de g\u00e9nero y su adoctrinamiento.<\/p>\n\n\n\n<figure class=\"wp-block-image size-large\"><img loading=\"lazy\" decoding=\"async\" width=\"1024\" height=\"577\" src=\"https:\/\/radioparquecde.com\/wp-content\/uploads\/2022\/09\/PAG-2-A-2-1024x577.jpeg\" alt=\"\" class=\"wp-image-5454\" srcset=\"https:\/\/radioparquecde.com\/wp-content\/uploads\/2022\/09\/PAG-2-A-2-1024x577.jpeg 1024w, https:\/\/radioparquecde.com\/wp-content\/uploads\/2022\/09\/PAG-2-A-2-300x169.jpeg 300w, https:\/\/radioparquecde.com\/wp-content\/uploads\/2022\/09\/PAG-2-A-2-768x432.jpeg 768w, https:\/\/radioparquecde.com\/wp-content\/uploads\/2022\/09\/PAG-2-A-2-1536x865.jpeg 1536w, https:\/\/radioparquecde.com\/wp-content\/uploads\/2022\/09\/PAG-2-A-2-1280x720.jpeg 1280w, https:\/\/radioparquecde.com\/wp-content\/uploads\/2022\/09\/PAG-2-A-2.jpeg 1600w\" sizes=\"auto, (max-width: 1024px) 100vw, 1024px\" \/><\/figure>\n\n\n\n<p>En la ma\u00f1ana de ayer se llev\u00f3 a cabo una sesi\u00f3n extraordinaria en la Junta Municipal de Presidente Franco para tratar la minuta del concejal Lucio Vera, donde se analiz\u00f3 el rechazo total de la Transformaci\u00f3n Educativa propuesta por el MEC en las instituciones de la ciudad.<\/p>\n\n\n\n<p>Tras deliberar, la totalidad de los concejales rechazaron la implementaci\u00f3n educativa de g\u00e9nero en las escuelas y colegios de Presidente Franco y brindar\u00e1n su apoyo a los docentes y directores, que estar\u00edan sufriendo una gran presi\u00f3n de parte de la cartera de Estado para comenzar a dar clases de igualdad de g\u00e9nero.<\/p>\n","protected":false},"excerpt":{"rendered":"<p>La Junta Municipal de Presidente Franco rechaz\u00f3 ayer por unanimidad el Plan Nacional de \u201cTransformaci\u00f3n&#8230;<\/p>\n","protected":false},"author":3,"featured_media":5455,"comment_status":"closed","ping_status":"closed","sticky":false,"template":"","format":"standard","meta":{"footnotes":""},"categories":[48,6],"tags":[],"class_list":["post-5452","post","type-post","status-publish","format-standard","has-post-thumbnail","hentry","category-alto-parana","category-noticias"],"featured_image_urls":{"full":["https:\/\/radioparquecde.com\/wp-content\/uploads\/2022\/09\/PAG-2-A-2-1.jpeg",1600,901,false],"thumbnail":["https:\/\/radioparquecde.com\/wp-content\/uploads\/2022\/09\/PAG-2-A-2-1-150x150.jpeg",150,150,true],"medium":["https:\/\/radioparquecde.com\/wp-content\/uploads\/2022\/09\/PAG-2-A-2-1-300x169.jpeg",300,169,true],"medium_large":["https:\/\/radioparquecde.com\/wp-content\/uploads\/2022\/09\/PAG-2-A-2-1-768x432.jpeg",640,360,true],"large":["https:\/\/radioparquecde.com\/wp-content\/uploads\/2022\/09\/PAG-2-A-2-1-1024x577.jpeg",640,361,true],"1536x1536":["https:\/\/radioparquecde.com\/wp-content\/uploads\/2022\/09\/PAG-2-A-2-1-1536x865.jpeg",1536,865,true],"2048x2048":["https:\/\/radioparquecde.com\/wp-content\/uploads\/2022\/09\/PAG-2-A-2-1.jpeg",1600,901,false],"newsphere-slider-full":["https:\/\/radioparquecde.com\/wp-content\/uploads\/2022\/09\/PAG-2-A-2-1-1280x720.jpeg",1280,720,true],"newsphere-featured":["https:\/\/radioparquecde.com\/wp-content\/uploads\/2022\/09\/PAG-2-A-2-1-1024x577.jpeg",1024,577,true],"newsphere-medium":["https:\/\/radioparquecde.com\/wp-content\/uploads\/2022\/09\/PAG-2-A-2-1-720x380.jpeg",720,380,true]},"author_info":{"display_name":"Editor","author_link":"https:\/\/radioparquecde.com\/index.php\/author\/editor\/"},"category_info":"<a href=\"https:\/\/radioparquecde.com\/index.php\/category\/alto-parana\/\" rel=\"category tag\">ALTO PARAN\u00c1<\/a> <a href=\"https:\/\/radioparquecde.com\/index.php\/category\/noticias\/\" rel=\"category tag\">Noticias<\/a>","tag_info":"Noticias","comment_count":"0","_links":{"self":[{"href":"https:\/\/radioparquecde.com\/index.php\/wp-json\/wp\/v2\/posts\/5452","targetHints":{"allow":["GET"]}}],"collection":[{"href":"https:\/\/radioparquecde.com\/index.php\/wp-json\/wp\/v2\/posts"}],"about":[{"href":"https:\/\/radioparquecde.com\/index.php\/wp-json\/wp\/v2\/types\/post"}],"author":[{"embeddable":true,"href":"https:\/\/radioparquecde.com\/index.php\/wp-json\/wp\/v2\/users\/3"}],"replies":[{"embeddable":true,"href":"https:\/\/radioparquecde.com\/index.php\/wp-json\/wp\/v2\/comments?post=5452"}],"version-history":[{"count":1,"href":"https:\/\/radioparquecde.com\/index.php\/wp-json\/wp\/v2\/posts\/5452\/revisions"}],"predecessor-version":[{"id":5456,"href":"https:\/\/radioparquecde.com\/index.php\/wp-json\/wp\/v2\/posts\/5452\/revisions\/5456"}],"wp:featuredmedia":[{"embeddable":true,"href":"https:\/\/radioparquecde.com\/index.php\/wp-json\/wp\/v2\/media\/5455"}],"wp:attachment":[{"href":"https:\/\/radioparquecde.com\/index.php\/wp-json\/wp\/v2\/media?parent=5452"}],"wp:term":[{"taxonomy":"category","embeddable":true,"href":"https:\/\/radioparquecde.com\/index.php\/wp-json\/wp\/v2\/categories?post=5452"},{"taxonomy":"post_tag","embeddable":true,"href":"https:\/\/radioparquecde.com\/index.php\/wp-json\/wp\/v2\/tags?post=5452"}],"curies":[{"name":"wp","href":"https:\/\/api.w.org\/{rel}","templated":true}]}}