{"id":5507,"date":"2022-09-29T07:58:52","date_gmt":"2022-09-29T11:58:52","guid":{"rendered":"https:\/\/radioparquecde.com\/?p=5507"},"modified":"2022-09-29T07:58:54","modified_gmt":"2022-09-29T11:58:54","slug":"fiscalia-interviene-y-ordena-parar-tala-de-arboles-en-espacio-del-mopc","status":"publish","type":"post","link":"https:\/\/radioparquecde.com\/index.php\/2022\/09\/29\/fiscalia-interviene-y-ordena-parar-tala-de-arboles-en-espacio-del-mopc\/","title":{"rendered":"Fiscal\u00eda interviene y ordena parar tala de \u00e1rboles en espacio del MOPC"},"content":{"rendered":"\n<p>Con la copia de un documento que solicitaba estudio de impacto ambiental ante el MADES, la empresa Tape Por\u00e3, con anuencia del Ministerio de Obras P\u00fablicas y Comunicaciones (MOPC), inici\u00f3 tala de \u00e1rboles nativos, supuestamente, para construir un estacionamiento privado para clientes de una compa\u00f1\u00eda dedicada al agronegocio.<\/p>\n\n\n\n<figure class=\"wp-block-image size-full\"><img loading=\"lazy\" decoding=\"async\" width=\"1000\" height=\"600\" src=\"https:\/\/radioparquecde.com\/wp-content\/uploads\/2022\/09\/PAG-11-A-12.jpeg\" alt=\"\" class=\"wp-image-5509\" srcset=\"https:\/\/radioparquecde.com\/wp-content\/uploads\/2022\/09\/PAG-11-A-12.jpeg 1000w, https:\/\/radioparquecde.com\/wp-content\/uploads\/2022\/09\/PAG-11-A-12-300x180.jpeg 300w, https:\/\/radioparquecde.com\/wp-content\/uploads\/2022\/09\/PAG-11-A-12-768x461.jpeg 768w\" sizes=\"auto, (max-width: 1000px) 100vw, 1000px\" \/><\/figure>\n\n\n\n<p>El fiscal Adolfo Santander, en el turno de la unidad especializada en hechos punibles contra el medio ambiente, intervino luego de recibir denuncia de vecinos y orden\u00f3 el cese inmediato de los trabajos efectuados por una empresa contratada por Agrof\u00e9rtil. Orden\u00f3 el cese de actividades ante la falta de documentaci\u00f3n para el procedimiento que, conforme los dichos, es parte de un acuerdo entre la firma que comercializa insumos agr\u00edcolas y Tape Por\u00e3, sin justificaci\u00f3n alguna. Los trabajadores llevaban talando 24 \u00e1rboles de los 79 aprobados por la Municipalidad de Ciudad del Este.<\/p>\n\n\n\n<p>El fin de la tala indiscriminada ser\u00eda inicialmente para la construcci\u00f3n de un estacionamiento privado, pero en el espacio p\u00fablico, propiedad del MOPC, dijo el fiscal Adolfo Santander, cuando La Clave consult\u00f3 sobre los hechos. \u201cNo acercaron ninguna documentaci\u00f3n que autorice la tala, por tanto ordenamos el cese inmediato de las actividades, la incautaci\u00f3n de los elementos de trabajo, los veh\u00edculos utilizados para el efecto y custodia policial para evitar la continuidad\u201d, se\u00f1al\u00f3 la representaci\u00f3n p\u00fablica.<\/p>\n\n\n\n<p>Ni el MOPC, el MADES y menos la Municipalidad de CDE pueden ordenar este tipo de trabajos, mientras no se tenga un estudio de impacto ambiental. En ning\u00fan caso se puede considerar una solicitud como una autorizaci\u00f3n, resalt\u00f3.<\/p>\n\n\n\n<p>Santander dijo haber ordenado el traslado de los 24 \u00e1rboles talados a los dep\u00f3sitos de la Comuna en el \u00c1rea 2; los camiones y maquinarias pesadas a la Direcci\u00f3n de Polic\u00eda y las herramientas comisadas a los dep\u00f3sitos del Ministerio P\u00fablico, en el barrio F\u00e1tima.<\/p>\n\n\n\n<p>Como excusa, los representantes de Agrof\u00e9rtil dijeron al fiscal que entre los compromisos asumidos est\u00e1 la reforestaci\u00f3n por su parte, desde el km 8 hasta el km 10, entre la avenida San Blas y la Ruta PY02. Sin embargo, la destrucci\u00f3n de los recursos naturales plantados d\u00e9cadas atr\u00e1s durante la administraci\u00f3n del intendente Guillermo Campuzano est\u00e1 consumada. Ayer, se firmaron oficios para el MOPC, Tape Por\u00e3, Agrof\u00e9rtil y el MADES, para informar cada parte sus acciones en el hecho y la copia de los contratos suscriptos eventualmente, afirm\u00f3 la representaci\u00f3n p\u00fablica.<\/p>\n\n\n\n<p>Inicialmente, los hechos demuestran la tala indiscriminada de \u00e1rboles nativos, pero la Fiscal\u00eda, previa recepci\u00f3n de los documentos requeridos a los entes citados, solicitar\u00e1 la intervenci\u00f3n de t\u00e9cnicos del laboratorio forense para la medici\u00f3n del impacto ambiental que devenga de esta acci\u00f3n. Varios responsables, podr\u00edan ser imputados, eventualmente, finaliz\u00f3 el fiscal que intervierne en el caso.<\/p>\n","protected":false},"excerpt":{"rendered":"<p>Con la copia de un documento que solicitaba estudio de impacto ambiental ante el MADES,&#8230;<\/p>\n","protected":false},"author":3,"featured_media":5510,"comment_status":"closed","ping_status":"closed","sticky":false,"template":"","format":"standard","meta":{"footnotes":""},"categories":[48,6],"tags":[],"class_list":["post-5507","post","type-post","status-publish","format-standard","has-post-thumbnail","hentry","category-alto-parana","category-noticias"],"featured_image_urls":{"full":["https:\/\/radioparquecde.com\/wp-content\/uploads\/2022\/09\/PAG-11-A-12-1.jpeg",1000,600,false],"thumbnail":["https:\/\/radioparquecde.com\/wp-content\/uploads\/2022\/09\/PAG-11-A-12-1-150x150.jpeg",150,150,true],"medium":["https:\/\/radioparquecde.com\/wp-content\/uploads\/2022\/09\/PAG-11-A-12-1-300x180.jpeg",300,180,true],"medium_large":["https:\/\/radioparquecde.com\/wp-content\/uploads\/2022\/09\/PAG-11-A-12-1-768x461.jpeg",640,384,true],"large":["https:\/\/radioparquecde.com\/wp-content\/uploads\/2022\/09\/PAG-11-A-12-1.jpeg",640,384,false],"1536x1536":["https:\/\/radioparquecde.com\/wp-content\/uploads\/2022\/09\/PAG-11-A-12-1.jpeg",1000,600,false],"2048x2048":["https:\/\/radioparquecde.com\/wp-content\/uploads\/2022\/09\/PAG-11-A-12-1.jpeg",1000,600,false],"newsphere-slider-full":["https:\/\/radioparquecde.com\/wp-content\/uploads\/2022\/09\/PAG-11-A-12-1.jpeg",1000,600,false],"newsphere-featured":["https:\/\/radioparquecde.com\/wp-content\/uploads\/2022\/09\/PAG-11-A-12-1.jpeg",1000,600,false],"newsphere-medium":["https:\/\/radioparquecde.com\/wp-content\/uploads\/2022\/09\/PAG-11-A-12-1-720x380.jpeg",720,380,true]},"author_info":{"display_name":"Editor","author_link":"https:\/\/radioparquecde.com\/index.php\/author\/editor\/"},"category_info":"<a href=\"https:\/\/radioparquecde.com\/index.php\/category\/alto-parana\/\" rel=\"category tag\">ALTO PARAN\u00c1<\/a> <a href=\"https:\/\/radioparquecde.com\/index.php\/category\/noticias\/\" rel=\"category tag\">Noticias<\/a>","tag_info":"Noticias","comment_count":"0","_links":{"self":[{"href":"https:\/\/radioparquecde.com\/index.php\/wp-json\/wp\/v2\/posts\/5507","targetHints":{"allow":["GET"]}}],"collection":[{"href":"https:\/\/radioparquecde.com\/index.php\/wp-json\/wp\/v2\/posts"}],"about":[{"href":"https:\/\/radioparquecde.com\/index.php\/wp-json\/wp\/v2\/types\/post"}],"author":[{"embeddable":true,"href":"https:\/\/radioparquecde.com\/index.php\/wp-json\/wp\/v2\/users\/3"}],"replies":[{"embeddable":true,"href":"https:\/\/radioparquecde.com\/index.php\/wp-json\/wp\/v2\/comments?post=5507"}],"version-history":[{"count":1,"href":"https:\/\/radioparquecde.com\/index.php\/wp-json\/wp\/v2\/posts\/5507\/revisions"}],"predecessor-version":[{"id":5511,"href":"https:\/\/radioparquecde.com\/index.php\/wp-json\/wp\/v2\/posts\/5507\/revisions\/5511"}],"wp:featuredmedia":[{"embeddable":true,"href":"https:\/\/radioparquecde.com\/index.php\/wp-json\/wp\/v2\/media\/5510"}],"wp:attachment":[{"href":"https:\/\/radioparquecde.com\/index.php\/wp-json\/wp\/v2\/media?parent=5507"}],"wp:term":[{"taxonomy":"category","embeddable":true,"href":"https:\/\/radioparquecde.com\/index.php\/wp-json\/wp\/v2\/categories?post=5507"},{"taxonomy":"post_tag","embeddable":true,"href":"https:\/\/radioparquecde.com\/index.php\/wp-json\/wp\/v2\/tags?post=5507"}],"curies":[{"name":"wp","href":"https:\/\/api.w.org\/{rel}","templated":true}]}}