{"id":5526,"date":"2022-09-29T09:49:05","date_gmt":"2022-09-29T13:49:05","guid":{"rendered":"https:\/\/radioparquecde.com\/?p=5526"},"modified":"2022-09-29T09:49:07","modified_gmt":"2022-09-29T13:49:07","slug":"feria-de-empleos-se-hara-la-proxima-semana-con-mas-de-350-vacancias","status":"publish","type":"post","link":"https:\/\/radioparquecde.com\/index.php\/2022\/09\/29\/feria-de-empleos-se-hara-la-proxima-semana-con-mas-de-350-vacancias\/","title":{"rendered":"Feria de empleos se har\u00e1 la pr\u00f3xima semana con m\u00e1s de 350 vacancias"},"content":{"rendered":"\n<p>El 7 y 8 de octubre est\u00e1 prevista una feria de empleos para cubrir 48 vacancias en la planta asf\u00e1ltica municipal y m\u00e1s de 300 puestos en el sector privado. Igualmente, los dos d\u00edas se har\u00e1 la exposici\u00f3n de maquinarias de la f\u00e1brica, que estar\u00e1 operativa desde diciembre de este a\u00f1o, seg\u00fan lo anunciado por el intendente Miguel Prieto. La actividad se har\u00e1 en el Polideportivo Municipal del barrio Pablo Rojas.<\/p>\n\n\n\n<p>La Municipalidad de Ciudad del Este y la C\u00e1mara de Comercio y Servicios anunciaron que presentar\u00e1n diversas oportunidades laborales en la feria de empleo, cuyo lanzamiento se llev\u00f3 a cabo en la sede del gremio empresarial.<\/p>\n\n\n\n<figure class=\"wp-block-image size-large\"><img loading=\"lazy\" decoding=\"async\" width=\"1024\" height=\"684\" src=\"https:\/\/radioparquecde.com\/wp-content\/uploads\/2022\/09\/PAG-7-A-9-1024x684.jpeg\" alt=\"\" class=\"wp-image-5528\" srcset=\"https:\/\/radioparquecde.com\/wp-content\/uploads\/2022\/09\/PAG-7-A-9-1024x684.jpeg 1024w, https:\/\/radioparquecde.com\/wp-content\/uploads\/2022\/09\/PAG-7-A-9-300x200.jpeg 300w, https:\/\/radioparquecde.com\/wp-content\/uploads\/2022\/09\/PAG-7-A-9-768x513.jpeg 768w, https:\/\/radioparquecde.com\/wp-content\/uploads\/2022\/09\/PAG-7-A-9.jpeg 1280w\" sizes=\"auto, (max-width: 1024px) 100vw, 1024px\" \/><\/figure>\n\n\n\n<p>Por un lado, la Comuna convoca a profesionales para cubrir 48 vacancias que se requerir\u00e1n en la planta asf\u00e1ltica municipal, en pleno proceso de construcci\u00f3n en el km 12 de la capital departamental.<\/p>\n\n\n\n<p>En tanto, las empresas del sector privado ya concretaron vacantes para 300 puestos, pero la meta es llegar a 600. En ese contexto, unas 30 firmas, principalmente del \u00e1rea comercial, dar\u00e1n \u00e9nfasis al primer empleo, aunque tambi\u00e9n se abrir\u00e1n oportunidades a la gente con experiencia, seg\u00fan informaron los representantes durante la conferencia de prensa.<\/p>\n\n\n\n<p>Adem\u00e1s, el intendente anunci\u00f3 que en diciembre iniciar\u00e1n los trabajos los 48 seleccionados que ser\u00e1n incorporados en la planta asf\u00e1ltica, cuya operaci\u00f3n dar\u00e1 prioridad al asfaltado de diversos tramos de la ciudad, seg\u00fan explic\u00f3 Miguel Prieto.<\/p>\n\n\n\n<p>Entre los puestos requeridos se encuentran: jefe de m\u00e1quinas y servicios, jefe de operaciones, electricista\/mec\u00e1nico, ayudante mec\u00e1nico, mec\u00e1nico, operadores, rastrilleros, paleros, ayudante de plancha y chofer de tractocami\u00f3n.<\/p>\n\n\n\n<p>La lista sigue con operador de cami\u00f3n REG, operador neum\u00e1tico, operador vidrio liso, operador esparcidora, capataz, operador de equipo, operador sierra, operador vidrio, chofer, t\u00e9cnico en seguridad industrial, operador de retropala, personal de planta, laboratorista, operador de minicargador, ayudante de planta, operador de planta, entre otros.<\/p>\n\n\n\n<p>El viernes, la actividad se realizar\u00e1 de 08:00 a 15:00, mientras que el s\u00e1bado, ser\u00e1 de 08:00 a 12:00, en el Polideportivo Municipal, situado en el barrio Pablo Rojas. La planta se ajustar\u00e1 a las normas AASHTO, OSHA, como las argentinas, brasileras y paraguayas, con una inversi\u00f3n de G. 1.042.903.778 de recursos municipales. Contar\u00e1 con un edificio administrativo, donde funcionar\u00e1 el laboratorio, una oficina para el pesaje de los materiales, pozo de agua, el tinglado donde se resguardar\u00e1n las m\u00e1quinas, taller mec\u00e1nico, garita de seguridad y un \u00e1rea para acopio de materiales, como piedra y arena.<\/p>\n","protected":false},"excerpt":{"rendered":"<p>El 7 y 8 de octubre est\u00e1 prevista una feria de empleos para cubrir 48&#8230;<\/p>\n","protected":false},"author":3,"featured_media":5529,"comment_status":"closed","ping_status":"closed","sticky":false,"template":"","format":"standard","meta":{"footnotes":""},"categories":[48,5],"tags":[],"class_list":["post-5526","post","type-post","status-publish","format-standard","has-post-thumbnail","hentry","category-alto-parana","category-economia"],"featured_image_urls":{"full":["https:\/\/radioparquecde.com\/wp-content\/uploads\/2022\/09\/PAG-7-A-9-1.jpeg",1280,855,false],"thumbnail":["https:\/\/radioparquecde.com\/wp-content\/uploads\/2022\/09\/PAG-7-A-9-1-150x150.jpeg",150,150,true],"medium":["https:\/\/radioparquecde.com\/wp-content\/uploads\/2022\/09\/PAG-7-A-9-1-300x200.jpeg",300,200,true],"medium_large":["https:\/\/radioparquecde.com\/wp-content\/uploads\/2022\/09\/PAG-7-A-9-1-768x513.jpeg",640,428,true],"large":["https:\/\/radioparquecde.com\/wp-content\/uploads\/2022\/09\/PAG-7-A-9-1-1024x684.jpeg",640,428,true],"1536x1536":["https:\/\/radioparquecde.com\/wp-content\/uploads\/2022\/09\/PAG-7-A-9-1.jpeg",1280,855,false],"2048x2048":["https:\/\/radioparquecde.com\/wp-content\/uploads\/2022\/09\/PAG-7-A-9-1.jpeg",1280,855,false],"newsphere-slider-full":["https:\/\/radioparquecde.com\/wp-content\/uploads\/2022\/09\/PAG-7-A-9-1-1280x720.jpeg",1280,720,true],"newsphere-featured":["https:\/\/radioparquecde.com\/wp-content\/uploads\/2022\/09\/PAG-7-A-9-1-1024x684.jpeg",1024,684,true],"newsphere-medium":["https:\/\/radioparquecde.com\/wp-content\/uploads\/2022\/09\/PAG-7-A-9-1-720x380.jpeg",720,380,true]},"author_info":{"display_name":"Editor","author_link":"https:\/\/radioparquecde.com\/index.php\/author\/editor\/"},"category_info":"<a href=\"https:\/\/radioparquecde.com\/index.php\/category\/alto-parana\/\" rel=\"category tag\">ALTO PARAN\u00c1<\/a> <a href=\"https:\/\/radioparquecde.com\/index.php\/category\/noticias\/economia\/\" rel=\"category tag\">Econom\u00eda<\/a>","tag_info":"Econom\u00eda","comment_count":"0","_links":{"self":[{"href":"https:\/\/radioparquecde.com\/index.php\/wp-json\/wp\/v2\/posts\/5526","targetHints":{"allow":["GET"]}}],"collection":[{"href":"https:\/\/radioparquecde.com\/index.php\/wp-json\/wp\/v2\/posts"}],"about":[{"href":"https:\/\/radioparquecde.com\/index.php\/wp-json\/wp\/v2\/types\/post"}],"author":[{"embeddable":true,"href":"https:\/\/radioparquecde.com\/index.php\/wp-json\/wp\/v2\/users\/3"}],"replies":[{"embeddable":true,"href":"https:\/\/radioparquecde.com\/index.php\/wp-json\/wp\/v2\/comments?post=5526"}],"version-history":[{"count":1,"href":"https:\/\/radioparquecde.com\/index.php\/wp-json\/wp\/v2\/posts\/5526\/revisions"}],"predecessor-version":[{"id":5530,"href":"https:\/\/radioparquecde.com\/index.php\/wp-json\/wp\/v2\/posts\/5526\/revisions\/5530"}],"wp:featuredmedia":[{"embeddable":true,"href":"https:\/\/radioparquecde.com\/index.php\/wp-json\/wp\/v2\/media\/5529"}],"wp:attachment":[{"href":"https:\/\/radioparquecde.com\/index.php\/wp-json\/wp\/v2\/media?parent=5526"}],"wp:term":[{"taxonomy":"category","embeddable":true,"href":"https:\/\/radioparquecde.com\/index.php\/wp-json\/wp\/v2\/categories?post=5526"},{"taxonomy":"post_tag","embeddable":true,"href":"https:\/\/radioparquecde.com\/index.php\/wp-json\/wp\/v2\/tags?post=5526"}],"curies":[{"name":"wp","href":"https:\/\/api.w.org\/{rel}","templated":true}]}}