{"id":5564,"date":"2022-09-30T14:56:02","date_gmt":"2022-09-30T18:56:02","guid":{"rendered":"https:\/\/radioparquecde.com\/?p=5564"},"modified":"2022-09-30T14:56:04","modified_gmt":"2022-09-30T18:56:04","slug":"recuperan-en-minga-guazu-automovil-robado-de-una-peluquera-en-pdte-franco","status":"publish","type":"post","link":"https:\/\/radioparquecde.com\/index.php\/2022\/09\/30\/recuperan-en-minga-guazu-automovil-robado-de-una-peluquera-en-pdte-franco\/","title":{"rendered":"Recuperan en Minga Guaz\u00fa autom\u00f3vil robado de una peluquera en Pdte. Franco"},"content":{"rendered":"\n<p>PRESIDENTE FRANCO. Desconocidos robaron un autom\u00f3vil estacionado frente a un local de eventos de esta ciudad. El hecho se registro el mi\u00e9rcoles alrededor de las 19:30 en el km 4 Monday de dicho municipio. Para alegr\u00eda de su propietaria, el rodado fue encontrado ayer cerca de las 11:00 en el patio de una casa deshabitada del km 14 lado Monday ,a unos 6.000 metros de la ruta PY02, distrito de Minga Guaz\u00fa.<\/p>\n\n\n\n<p>Se trata de un autom\u00f3vil de la marca Toyota Vitz RS, 2004, de color plata, con matr\u00edcula AAEE 685 Py, propiedad de la peluquera Luz Auxiliadora Ojeda Cabe, de 37 a\u00f1os, domiciliada en el barrio Santa Ana de Ciudad del Este.<\/p>\n\n\n\n<p>Seg\u00fan la denuncia presentada ante la subcomisar\u00eda 12\u00aa del barrio San Miguel de Franco, la v\u00edctima estacion\u00f3 su autom\u00f3vil alrededor de las 19:30 horas frente al local \u00abBeraca Eventos\u00bb,&nbsp; ubicado a la altura del km 4 Monday del barrio San Lorenzo de dicha ciudad. Luego, a las 20:30, la mujer sali\u00f3 del local como para abordar su veh\u00edculo y se llev\u00f3 la desagradable sorpresa al no encontrar su auto en el lugar donde hab\u00eda estacionado.<\/p>\n\n\n\n<p>Dentro del automotor estaba la c\u00e9dula verde del auto, habilitaci\u00f3n, licencia de conducir, c\u00e9dula de identidad de la hija de la v\u00edctima y otras pertenencias.<\/p>\n\n\n\n<p>CASA DESHABITADA<\/p>\n\n\n\n<figure class=\"wp-block-image size-full\"><img loading=\"lazy\" decoding=\"async\" width=\"768\" height=\"1024\" src=\"https:\/\/radioparquecde.com\/wp-content\/uploads\/2022\/09\/PAG-13-B-7-1.jpg\" alt=\"\" class=\"wp-image-5567\" srcset=\"https:\/\/radioparquecde.com\/wp-content\/uploads\/2022\/09\/PAG-13-B-7-1.jpg 768w, https:\/\/radioparquecde.com\/wp-content\/uploads\/2022\/09\/PAG-13-B-7-1-225x300.jpg 225w\" sizes=\"auto, (max-width: 768px) 100vw, 768px\" \/><\/figure>\n\n\n\n<p>Ayer, cerca de las 11:00, agentes de la subcomisar\u00eda 14\u00aa del barrio Norma Luisa, durante un recorrido de rutina, hallaron el auto robado en el patio de una casa deshabitada del km 14 Monday, a unos 6.000 metros de la ruta PY02.<\/p>\n\n\n\n<p>El autom\u00f3vil fue dejado en el sitio por personas desconocidas, quienes aparentemente abrieron el port\u00f3n y metieron el rodado para guardarlo y buscarlo posteriormente. A simple vista se nota que los delincuentes rompieron la ventanilla lateral trasera, lado acompa\u00f1ante, para abrir el rodado y llevarlo.<\/p>\n\n\n\n<p>El caso fue comunicado a la fiscal Viviana S\u00e1nchez, quien dispuso que el rodado sea depositado en la base de la subcomisar\u00eda 14\u00aa de Minga Guaz\u00fa.<\/p>\n","protected":false},"excerpt":{"rendered":"<p>PRESIDENTE FRANCO. Desconocidos robaron un autom\u00f3vil estacionado frente a un local de eventos de esta&#8230;<\/p>\n","protected":false},"author":3,"featured_media":5566,"comment_status":"closed","ping_status":"closed","sticky":false,"template":"","format":"standard","meta":{"footnotes":""},"categories":[48,2],"tags":[],"class_list":["post-5564","post","type-post","status-publish","format-standard","has-post-thumbnail","hentry","category-alto-parana","category-destacadas"],"featured_image_urls":{"full":["https:\/\/radioparquecde.com\/wp-content\/uploads\/2022\/09\/PAG-13-B-7.jpg",768,1024,false],"thumbnail":["https:\/\/radioparquecde.com\/wp-content\/uploads\/2022\/09\/PAG-13-B-7-150x150.jpg",150,150,true],"medium":["https:\/\/radioparquecde.com\/wp-content\/uploads\/2022\/09\/PAG-13-B-7-225x300.jpg",225,300,true],"medium_large":["https:\/\/radioparquecde.com\/wp-content\/uploads\/2022\/09\/PAG-13-B-7.jpg",640,853,false],"large":["https:\/\/radioparquecde.com\/wp-content\/uploads\/2022\/09\/PAG-13-B-7.jpg",640,853,false],"1536x1536":["https:\/\/radioparquecde.com\/wp-content\/uploads\/2022\/09\/PAG-13-B-7.jpg",768,1024,false],"2048x2048":["https:\/\/radioparquecde.com\/wp-content\/uploads\/2022\/09\/PAG-13-B-7.jpg",768,1024,false],"newsphere-slider-full":["https:\/\/radioparquecde.com\/wp-content\/uploads\/2022\/09\/PAG-13-B-7-768x720.jpg",768,720,true],"newsphere-featured":["https:\/\/radioparquecde.com\/wp-content\/uploads\/2022\/09\/PAG-13-B-7.jpg",768,1024,false],"newsphere-medium":["https:\/\/radioparquecde.com\/wp-content\/uploads\/2022\/09\/PAG-13-B-7-720x380.jpg",720,380,true]},"author_info":{"display_name":"Editor","author_link":"https:\/\/radioparquecde.com\/index.php\/author\/editor\/"},"category_info":"<a href=\"https:\/\/radioparquecde.com\/index.php\/category\/alto-parana\/\" rel=\"category tag\">ALTO PARAN\u00c1<\/a> <a href=\"https:\/\/radioparquecde.com\/index.php\/category\/noticias\/destacadas\/\" rel=\"category tag\">Destacadas<\/a>","tag_info":"Destacadas","comment_count":"0","_links":{"self":[{"href":"https:\/\/radioparquecde.com\/index.php\/wp-json\/wp\/v2\/posts\/5564","targetHints":{"allow":["GET"]}}],"collection":[{"href":"https:\/\/radioparquecde.com\/index.php\/wp-json\/wp\/v2\/posts"}],"about":[{"href":"https:\/\/radioparquecde.com\/index.php\/wp-json\/wp\/v2\/types\/post"}],"author":[{"embeddable":true,"href":"https:\/\/radioparquecde.com\/index.php\/wp-json\/wp\/v2\/users\/3"}],"replies":[{"embeddable":true,"href":"https:\/\/radioparquecde.com\/index.php\/wp-json\/wp\/v2\/comments?post=5564"}],"version-history":[{"count":1,"href":"https:\/\/radioparquecde.com\/index.php\/wp-json\/wp\/v2\/posts\/5564\/revisions"}],"predecessor-version":[{"id":5568,"href":"https:\/\/radioparquecde.com\/index.php\/wp-json\/wp\/v2\/posts\/5564\/revisions\/5568"}],"wp:featuredmedia":[{"embeddable":true,"href":"https:\/\/radioparquecde.com\/index.php\/wp-json\/wp\/v2\/media\/5566"}],"wp:attachment":[{"href":"https:\/\/radioparquecde.com\/index.php\/wp-json\/wp\/v2\/media?parent=5564"}],"wp:term":[{"taxonomy":"category","embeddable":true,"href":"https:\/\/radioparquecde.com\/index.php\/wp-json\/wp\/v2\/categories?post=5564"},{"taxonomy":"post_tag","embeddable":true,"href":"https:\/\/radioparquecde.com\/index.php\/wp-json\/wp\/v2\/tags?post=5564"}],"curies":[{"name":"wp","href":"https:\/\/api.w.org\/{rel}","templated":true}]}}