{"id":5620,"date":"2022-10-04T13:41:49","date_gmt":"2022-10-04T16:41:49","guid":{"rendered":"https:\/\/radioparquecde.com\/?p=5620"},"modified":"2022-10-04T13:41:50","modified_gmt":"2022-10-04T16:41:50","slug":"nacunday-prepara-el-festival-del-obrajero","status":"publish","type":"post","link":"https:\/\/radioparquecde.com\/index.php\/2022\/10\/04\/nacunday-prepara-el-festival-del-obrajero\/","title":{"rendered":"\u00d1acunday prepara el Festival del Obrajero"},"content":{"rendered":"\n<p>Ser\u00e1 la sexta edici\u00f3n del Festival del Obrajero, que se realizar\u00e1 en Puerto Paranamb\u00fa, distrito de \u00d1acunday, con la presencia de artistas nacionales y tambi\u00e9n locales. La organizaci\u00f3n est\u00e1 a cargo del comit\u00e9 de mujeres emprendedoras de \u00d1acunday, la Municipalidad y la parroquia San Jos\u00e9, del municipio.<\/p>\n\n\n\n<p>De acuerdo a la programaci\u00f3n, el evento cultural debe desarrollarse el 5 de noviembre y ya confirmaron la presencia de Francisco Russo, Ecos del Paran\u00e1 y Dominick, entre otros talentos locales y nacionales. La actividad tambi\u00e9n ser\u00e1 aprovechada para la exposici\u00f3n de productos elaborados por las mujeres emprendedoras del distrito.<\/p>\n\n\n\n<figure class=\"wp-block-image size-large\"><img loading=\"lazy\" decoding=\"async\" width=\"1024\" height=\"768\" src=\"https:\/\/radioparquecde.com\/wp-content\/uploads\/2022\/10\/306200525_2313129398838976_6031731457990435532_n-1024x768.jpg\" alt=\"\" class=\"wp-image-5622\" srcset=\"https:\/\/radioparquecde.com\/wp-content\/uploads\/2022\/10\/306200525_2313129398838976_6031731457990435532_n-1024x768.jpg 1024w, https:\/\/radioparquecde.com\/wp-content\/uploads\/2022\/10\/306200525_2313129398838976_6031731457990435532_n-300x225.jpg 300w, https:\/\/radioparquecde.com\/wp-content\/uploads\/2022\/10\/306200525_2313129398838976_6031731457990435532_n-768x576.jpg 768w, https:\/\/radioparquecde.com\/wp-content\/uploads\/2022\/10\/306200525_2313129398838976_6031731457990435532_n.jpg 1288w\" sizes=\"auto, (max-width: 1024px) 100vw, 1024px\" \/><\/figure>\n\n\n\n<p>El festival, que ya es una tradici\u00f3n en Paranamb\u00fa, ser\u00e1 tambi\u00e9n una oportunidad para que \u201cla capital de las cascadas\u201d, como se autodenomina \u00d1acunday, est\u00e9 en la vidriera nacional, como una opci\u00f3n para que visiten la comunidad que va introduciendo mejoras para explotar el turismo de naturaleza.<\/p>\n","protected":false},"excerpt":{"rendered":"<p>Ser\u00e1 la sexta edici\u00f3n del Festival del Obrajero, que se realizar\u00e1 en Puerto Paranamb\u00fa, distrito&#8230;<\/p>\n","protected":false},"author":3,"featured_media":5623,"comment_status":"closed","ping_status":"closed","sticky":false,"template":"","format":"standard","meta":{"footnotes":""},"categories":[48,4],"tags":[],"class_list":["post-5620","post","type-post","status-publish","format-standard","has-post-thumbnail","hentry","category-alto-parana","category-entretenimiento"],"featured_image_urls":{"full":["https:\/\/radioparquecde.com\/wp-content\/uploads\/2022\/10\/306200525_2313129398838976_6031731457990435532_n-1.jpg",1288,966,false],"thumbnail":["https:\/\/radioparquecde.com\/wp-content\/uploads\/2022\/10\/306200525_2313129398838976_6031731457990435532_n-1-150x150.jpg",150,150,true],"medium":["https:\/\/radioparquecde.com\/wp-content\/uploads\/2022\/10\/306200525_2313129398838976_6031731457990435532_n-1-300x225.jpg",300,225,true],"medium_large":["https:\/\/radioparquecde.com\/wp-content\/uploads\/2022\/10\/306200525_2313129398838976_6031731457990435532_n-1-768x576.jpg",640,480,true],"large":["https:\/\/radioparquecde.com\/wp-content\/uploads\/2022\/10\/306200525_2313129398838976_6031731457990435532_n-1-1024x768.jpg",640,480,true],"1536x1536":["https:\/\/radioparquecde.com\/wp-content\/uploads\/2022\/10\/306200525_2313129398838976_6031731457990435532_n-1.jpg",1288,966,false],"2048x2048":["https:\/\/radioparquecde.com\/wp-content\/uploads\/2022\/10\/306200525_2313129398838976_6031731457990435532_n-1.jpg",1288,966,false],"newsphere-slider-full":["https:\/\/radioparquecde.com\/wp-content\/uploads\/2022\/10\/306200525_2313129398838976_6031731457990435532_n-1-1280x720.jpg",1280,720,true],"newsphere-featured":["https:\/\/radioparquecde.com\/wp-content\/uploads\/2022\/10\/306200525_2313129398838976_6031731457990435532_n-1-1024x768.jpg",1024,768,true],"newsphere-medium":["https:\/\/radioparquecde.com\/wp-content\/uploads\/2022\/10\/306200525_2313129398838976_6031731457990435532_n-1-720x380.jpg",720,380,true]},"author_info":{"display_name":"Editor","author_link":"https:\/\/radioparquecde.com\/index.php\/author\/editor\/"},"category_info":"<a href=\"https:\/\/radioparquecde.com\/index.php\/category\/alto-parana\/\" rel=\"category tag\">ALTO PARAN\u00c1<\/a> <a href=\"https:\/\/radioparquecde.com\/index.php\/category\/noticias\/entretenimiento\/\" rel=\"category tag\">Entretenimiento<\/a>","tag_info":"Entretenimiento","comment_count":"0","_links":{"self":[{"href":"https:\/\/radioparquecde.com\/index.php\/wp-json\/wp\/v2\/posts\/5620","targetHints":{"allow":["GET"]}}],"collection":[{"href":"https:\/\/radioparquecde.com\/index.php\/wp-json\/wp\/v2\/posts"}],"about":[{"href":"https:\/\/radioparquecde.com\/index.php\/wp-json\/wp\/v2\/types\/post"}],"author":[{"embeddable":true,"href":"https:\/\/radioparquecde.com\/index.php\/wp-json\/wp\/v2\/users\/3"}],"replies":[{"embeddable":true,"href":"https:\/\/radioparquecde.com\/index.php\/wp-json\/wp\/v2\/comments?post=5620"}],"version-history":[{"count":1,"href":"https:\/\/radioparquecde.com\/index.php\/wp-json\/wp\/v2\/posts\/5620\/revisions"}],"predecessor-version":[{"id":5624,"href":"https:\/\/radioparquecde.com\/index.php\/wp-json\/wp\/v2\/posts\/5620\/revisions\/5624"}],"wp:featuredmedia":[{"embeddable":true,"href":"https:\/\/radioparquecde.com\/index.php\/wp-json\/wp\/v2\/media\/5623"}],"wp:attachment":[{"href":"https:\/\/radioparquecde.com\/index.php\/wp-json\/wp\/v2\/media?parent=5620"}],"wp:term":[{"taxonomy":"category","embeddable":true,"href":"https:\/\/radioparquecde.com\/index.php\/wp-json\/wp\/v2\/categories?post=5620"},{"taxonomy":"post_tag","embeddable":true,"href":"https:\/\/radioparquecde.com\/index.php\/wp-json\/wp\/v2\/tags?post=5620"}],"curies":[{"name":"wp","href":"https:\/\/api.w.org\/{rel}","templated":true}]}}