{"id":5704,"date":"2022-10-10T09:53:39","date_gmt":"2022-10-10T12:53:39","guid":{"rendered":"https:\/\/radioparquecde.com\/?p=5704"},"modified":"2022-10-10T09:53:41","modified_gmt":"2022-10-10T12:53:41","slug":"joven-motociclista-choca-por-camion-estacionado","status":"publish","type":"post","link":"https:\/\/radioparquecde.com\/index.php\/2022\/10\/10\/joven-motociclista-choca-por-camion-estacionado\/","title":{"rendered":"Joven motociclista choca por cami\u00f3n estacionado"},"content":{"rendered":"\n<p>Una joven motociclista result\u00f3 herida luego de chocar por la parte trasera de un cami\u00f3n estacionado sin se\u00f1alizaci\u00f3n. El percance rutero se produjo este lunes, alrededor de las 06:00, sobre la avenida Carlos Barreto Sarubi del km 10 Acaray de Ciudad del Este.<\/p>\n\n\n\n<figure class=\"wp-block-image size-full\"><img loading=\"lazy\" decoding=\"async\" width=\"899\" height=\"847\" src=\"https:\/\/radioparquecde.com\/wp-content\/uploads\/2022\/10\/WhatsApp-Image-2022-10-10-at-8.33.39-AM.jpeg\" alt=\"\" class=\"wp-image-5706\" srcset=\"https:\/\/radioparquecde.com\/wp-content\/uploads\/2022\/10\/WhatsApp-Image-2022-10-10-at-8.33.39-AM.jpeg 899w, https:\/\/radioparquecde.com\/wp-content\/uploads\/2022\/10\/WhatsApp-Image-2022-10-10-at-8.33.39-AM-300x283.jpeg 300w, https:\/\/radioparquecde.com\/wp-content\/uploads\/2022\/10\/WhatsApp-Image-2022-10-10-at-8.33.39-AM-768x724.jpeg 768w\" sizes=\"auto, (max-width: 899px) 100vw, 899px\" \/><\/figure>\n\n\n\n<p>Se trata de Camila Montserrat Varella Rojas (19), quien circulaba en un biciclo de la marca Maruti, color azul. Seg\u00fan el reporte policial, la mujer choc\u00f3 contra un cami\u00f3n de la marca Man, color verde, con chapa CCR552, que est\u00e1 apartado al costado de la ruta desde hace varios d\u00edas debido a desperfectos mec\u00e1nicos.<\/p>\n\n\n\n<p>A consecuencia del fuerte impacto, la conductora sufri\u00f3 lesiones de consideraci\u00f3n. Fue auxiliada por sus familiares hasta el pabell\u00f3n de emergencias m\u00e9dicas del Hospital Regional de la capital del Alto Paran\u00e1, donde permanece internada, fuera de peligro.<\/p>\n","protected":false},"excerpt":{"rendered":"<p>Una joven motociclista result\u00f3 herida luego de chocar por la parte trasera de un cami\u00f3n&#8230;<\/p>\n","protected":false},"author":3,"featured_media":5707,"comment_status":"closed","ping_status":"closed","sticky":false,"template":"","format":"standard","meta":{"footnotes":""},"categories":[48,6],"tags":[],"class_list":["post-5704","post","type-post","status-publish","format-standard","has-post-thumbnail","hentry","category-alto-parana","category-noticias"],"featured_image_urls":{"full":["https:\/\/radioparquecde.com\/wp-content\/uploads\/2022\/10\/WhatsApp-Image-2022-10-10-at-8.33.39-AM-1.jpeg",899,847,false],"thumbnail":["https:\/\/radioparquecde.com\/wp-content\/uploads\/2022\/10\/WhatsApp-Image-2022-10-10-at-8.33.39-AM-1-150x150.jpeg",150,150,true],"medium":["https:\/\/radioparquecde.com\/wp-content\/uploads\/2022\/10\/WhatsApp-Image-2022-10-10-at-8.33.39-AM-1-300x283.jpeg",300,283,true],"medium_large":["https:\/\/radioparquecde.com\/wp-content\/uploads\/2022\/10\/WhatsApp-Image-2022-10-10-at-8.33.39-AM-1-768x724.jpeg",640,603,true],"large":["https:\/\/radioparquecde.com\/wp-content\/uploads\/2022\/10\/WhatsApp-Image-2022-10-10-at-8.33.39-AM-1.jpeg",640,603,false],"1536x1536":["https:\/\/radioparquecde.com\/wp-content\/uploads\/2022\/10\/WhatsApp-Image-2022-10-10-at-8.33.39-AM-1.jpeg",899,847,false],"2048x2048":["https:\/\/radioparquecde.com\/wp-content\/uploads\/2022\/10\/WhatsApp-Image-2022-10-10-at-8.33.39-AM-1.jpeg",899,847,false],"newsphere-slider-full":["https:\/\/radioparquecde.com\/wp-content\/uploads\/2022\/10\/WhatsApp-Image-2022-10-10-at-8.33.39-AM-1-899x720.jpeg",899,720,true],"newsphere-featured":["https:\/\/radioparquecde.com\/wp-content\/uploads\/2022\/10\/WhatsApp-Image-2022-10-10-at-8.33.39-AM-1.jpeg",899,847,false],"newsphere-medium":["https:\/\/radioparquecde.com\/wp-content\/uploads\/2022\/10\/WhatsApp-Image-2022-10-10-at-8.33.39-AM-1-720x380.jpeg",720,380,true]},"author_info":{"display_name":"Editor","author_link":"https:\/\/radioparquecde.com\/index.php\/author\/editor\/"},"category_info":"<a href=\"https:\/\/radioparquecde.com\/index.php\/category\/alto-parana\/\" rel=\"category tag\">ALTO PARAN\u00c1<\/a> <a href=\"https:\/\/radioparquecde.com\/index.php\/category\/noticias\/\" rel=\"category tag\">Noticias<\/a>","tag_info":"Noticias","comment_count":"0","_links":{"self":[{"href":"https:\/\/radioparquecde.com\/index.php\/wp-json\/wp\/v2\/posts\/5704","targetHints":{"allow":["GET"]}}],"collection":[{"href":"https:\/\/radioparquecde.com\/index.php\/wp-json\/wp\/v2\/posts"}],"about":[{"href":"https:\/\/radioparquecde.com\/index.php\/wp-json\/wp\/v2\/types\/post"}],"author":[{"embeddable":true,"href":"https:\/\/radioparquecde.com\/index.php\/wp-json\/wp\/v2\/users\/3"}],"replies":[{"embeddable":true,"href":"https:\/\/radioparquecde.com\/index.php\/wp-json\/wp\/v2\/comments?post=5704"}],"version-history":[{"count":1,"href":"https:\/\/radioparquecde.com\/index.php\/wp-json\/wp\/v2\/posts\/5704\/revisions"}],"predecessor-version":[{"id":5708,"href":"https:\/\/radioparquecde.com\/index.php\/wp-json\/wp\/v2\/posts\/5704\/revisions\/5708"}],"wp:featuredmedia":[{"embeddable":true,"href":"https:\/\/radioparquecde.com\/index.php\/wp-json\/wp\/v2\/media\/5707"}],"wp:attachment":[{"href":"https:\/\/radioparquecde.com\/index.php\/wp-json\/wp\/v2\/media?parent=5704"}],"wp:term":[{"taxonomy":"category","embeddable":true,"href":"https:\/\/radioparquecde.com\/index.php\/wp-json\/wp\/v2\/categories?post=5704"},{"taxonomy":"post_tag","embeddable":true,"href":"https:\/\/radioparquecde.com\/index.php\/wp-json\/wp\/v2\/tags?post=5704"}],"curies":[{"name":"wp","href":"https:\/\/api.w.org\/{rel}","templated":true}]}}