{"id":5714,"date":"2022-10-10T11:07:18","date_gmt":"2022-10-10T14:07:18","guid":{"rendered":"https:\/\/radioparquecde.com\/?p=5714"},"modified":"2022-10-10T11:07:20","modified_gmt":"2022-10-10T14:07:20","slug":"violento-sujeto-trato-de-matar-a-su-hijo-y-a-su-nuera-tras-discusion-en-ronda-de-tragos","status":"publish","type":"post","link":"https:\/\/radioparquecde.com\/index.php\/2022\/10\/10\/violento-sujeto-trato-de-matar-a-su-hijo-y-a-su-nuera-tras-discusion-en-ronda-de-tragos\/","title":{"rendered":"Violento sujeto trat\u00f3 de matar a su hijo y a su nuera tras discusi\u00f3n en ronda de tragos"},"content":{"rendered":"\n<p>PRESIDENTE FRANCO. Un violento sujeto atac\u00f3 e hiri\u00f3 con un machetillo en varias partes del cuerpo a su hijo y a su nuera durante una ronda de tragos. El sangriento suceso se registr\u00f3 el s\u00e1bado, alrededor de las 21:30, en el interior de una vivienda situada en el \u00c1rea 5 de Presidente Franco. El autor fue reducido por vecinos y entregado a la Polic\u00eda, mientras que los heridos fueron derivados al hospital.<\/p>\n\n\n\n<figure class=\"wp-block-image size-full\"><img loading=\"lazy\" decoding=\"async\" width=\"719\" height=\"766\" src=\"https:\/\/radioparquecde.com\/wp-content\/uploads\/2022\/10\/WhatsApp-Image-2022-10-09-at-4.53.07-PM.jpeg\" alt=\"\" class=\"wp-image-5716\" srcset=\"https:\/\/radioparquecde.com\/wp-content\/uploads\/2022\/10\/WhatsApp-Image-2022-10-09-at-4.53.07-PM.jpeg 719w, https:\/\/radioparquecde.com\/wp-content\/uploads\/2022\/10\/WhatsApp-Image-2022-10-09-at-4.53.07-PM-282x300.jpeg 282w\" sizes=\"auto, (max-width: 719px) 100vw, 719px\" \/><\/figure>\n\n\n\n<p>El presunto autor del hecho est\u00e1 identificado como Longino Aponte \u00c1valos, de 57 a\u00f1os. Resultaron v\u00edctimas Dante Andr\u00e9s Aponte Ben\u00edtez, de 25, e Ingrid Stephania Pe\u00f1a Carmona, de 24 a\u00f1os, hijo y nuera del sospechoso. Seg\u00fan los datos, los tres estaban en la casa de las v\u00edctimas tomando bebidas alcoh\u00f3licas. En un momento dado, se inici\u00f3 una pelea por deudas.<\/p>\n\n\n\n<p>La discusi\u00f3n subi\u00f3 de tono y Longino Aponte tom\u00f3 un machetillo y atac\u00f3 primeramente su hijo, a quien hiri\u00f3 en la cabeza y en el cuello, lado izquierdo. Su nuera tambi\u00e9n fue herida en el brazo lado derecho al tratar de defender a su pareja.<\/p>\n\n\n\n<p>Las v\u00edctimas pidieron auxilio a los vecinos, quienes procedieron a reducir al agresor y entregarlo a los agentes de la subcomisar\u00eda 11\u00aa, en tanto, los heridos fueron asistidos por bomberos y llevados al hospital. El hecho fue comunicado al fiscal de turno Demetrio Bareiro, quien dispuso la remisi\u00f3n del detenido a la Direcci\u00f3n de Polic\u00eda a disposici\u00f3n de su unidad fiscal.<\/p>\n","protected":false},"excerpt":{"rendered":"<p>PRESIDENTE FRANCO. Un violento sujeto atac\u00f3 e hiri\u00f3 con un machetillo en varias partes del&#8230;<\/p>\n","protected":false},"author":3,"featured_media":5717,"comment_status":"closed","ping_status":"closed","sticky":false,"template":"","format":"standard","meta":{"footnotes":""},"categories":[48,47],"tags":[],"class_list":["post-5714","post","type-post","status-publish","format-standard","has-post-thumbnail","hentry","category-alto-parana","category-sucesos"],"featured_image_urls":{"full":["https:\/\/radioparquecde.com\/wp-content\/uploads\/2022\/10\/WhatsApp-Image-2022-10-09-at-4.53.07-PM-1.jpeg",719,766,false],"thumbnail":["https:\/\/radioparquecde.com\/wp-content\/uploads\/2022\/10\/WhatsApp-Image-2022-10-09-at-4.53.07-PM-1-150x150.jpeg",150,150,true],"medium":["https:\/\/radioparquecde.com\/wp-content\/uploads\/2022\/10\/WhatsApp-Image-2022-10-09-at-4.53.07-PM-1-282x300.jpeg",282,300,true],"medium_large":["https:\/\/radioparquecde.com\/wp-content\/uploads\/2022\/10\/WhatsApp-Image-2022-10-09-at-4.53.07-PM-1.jpeg",640,682,false],"large":["https:\/\/radioparquecde.com\/wp-content\/uploads\/2022\/10\/WhatsApp-Image-2022-10-09-at-4.53.07-PM-1.jpeg",640,682,false],"1536x1536":["https:\/\/radioparquecde.com\/wp-content\/uploads\/2022\/10\/WhatsApp-Image-2022-10-09-at-4.53.07-PM-1.jpeg",719,766,false],"2048x2048":["https:\/\/radioparquecde.com\/wp-content\/uploads\/2022\/10\/WhatsApp-Image-2022-10-09-at-4.53.07-PM-1.jpeg",719,766,false],"newsphere-slider-full":["https:\/\/radioparquecde.com\/wp-content\/uploads\/2022\/10\/WhatsApp-Image-2022-10-09-at-4.53.07-PM-1-719x720.jpeg",719,720,true],"newsphere-featured":["https:\/\/radioparquecde.com\/wp-content\/uploads\/2022\/10\/WhatsApp-Image-2022-10-09-at-4.53.07-PM-1.jpeg",719,766,false],"newsphere-medium":["https:\/\/radioparquecde.com\/wp-content\/uploads\/2022\/10\/WhatsApp-Image-2022-10-09-at-4.53.07-PM-1-719x380.jpeg",719,380,true]},"author_info":{"display_name":"Editor","author_link":"https:\/\/radioparquecde.com\/index.php\/author\/editor\/"},"category_info":"<a href=\"https:\/\/radioparquecde.com\/index.php\/category\/alto-parana\/\" rel=\"category tag\">ALTO PARAN\u00c1<\/a> <a href=\"https:\/\/radioparquecde.com\/index.php\/category\/sucesos\/\" rel=\"category tag\">SUCESOS<\/a>","tag_info":"SUCESOS","comment_count":"0","_links":{"self":[{"href":"https:\/\/radioparquecde.com\/index.php\/wp-json\/wp\/v2\/posts\/5714","targetHints":{"allow":["GET"]}}],"collection":[{"href":"https:\/\/radioparquecde.com\/index.php\/wp-json\/wp\/v2\/posts"}],"about":[{"href":"https:\/\/radioparquecde.com\/index.php\/wp-json\/wp\/v2\/types\/post"}],"author":[{"embeddable":true,"href":"https:\/\/radioparquecde.com\/index.php\/wp-json\/wp\/v2\/users\/3"}],"replies":[{"embeddable":true,"href":"https:\/\/radioparquecde.com\/index.php\/wp-json\/wp\/v2\/comments?post=5714"}],"version-history":[{"count":1,"href":"https:\/\/radioparquecde.com\/index.php\/wp-json\/wp\/v2\/posts\/5714\/revisions"}],"predecessor-version":[{"id":5718,"href":"https:\/\/radioparquecde.com\/index.php\/wp-json\/wp\/v2\/posts\/5714\/revisions\/5718"}],"wp:featuredmedia":[{"embeddable":true,"href":"https:\/\/radioparquecde.com\/index.php\/wp-json\/wp\/v2\/media\/5717"}],"wp:attachment":[{"href":"https:\/\/radioparquecde.com\/index.php\/wp-json\/wp\/v2\/media?parent=5714"}],"wp:term":[{"taxonomy":"category","embeddable":true,"href":"https:\/\/radioparquecde.com\/index.php\/wp-json\/wp\/v2\/categories?post=5714"},{"taxonomy":"post_tag","embeddable":true,"href":"https:\/\/radioparquecde.com\/index.php\/wp-json\/wp\/v2\/tags?post=5714"}],"curies":[{"name":"wp","href":"https:\/\/api.w.org\/{rel}","templated":true}]}}