{"id":5799,"date":"2022-10-13T09:18:36","date_gmt":"2022-10-13T12:18:36","guid":{"rendered":"https:\/\/radioparquecde.com\/?p=5799"},"modified":"2022-10-13T09:18:38","modified_gmt":"2022-10-13T12:18:38","slug":"presidente-franco-celebra-hoy-su-93-aniversario","status":"publish","type":"post","link":"https:\/\/radioparquecde.com\/index.php\/2022\/10\/13\/presidente-franco-celebra-hoy-su-93-aniversario\/","title":{"rendered":"Presidente Franco celebra hoy su 93\u00b0 aniversario"},"content":{"rendered":"\n<p>La ciudad de Presidente Franco celebra este jueves su 93\u00b0 aniversario y la fiesta patronal en honor a la santa patrona Virgen de F\u00e1tima. A las 05:00 se hizo el rezo del rosario de la Aurora; procesi\u00f3n vehicular por las principales avenidas de la ciudad, a las 18:00. En tanto, a las 19:00 se celebrar\u00e1 la misa.<\/p>\n\n\n\n<p>Este aniversario sorprende a la \u201cmadre de ciudades\u201d del departamento del Alto Paran\u00e1 con importantes inversiones tanto del sector p\u00fablico como privado. En ese contexto, se erige en el municipio el Puente de la Integraci\u00f3n, segunda conexi\u00f3n vial entre Paraguay y Brasil, a trav\u00e9s del r\u00edo Paran\u00e1.<\/p>\n\n\n\n<figure class=\"wp-block-image size-full\"><img loading=\"lazy\" decoding=\"async\" width=\"939\" height=\"576\" src=\"https:\/\/radioparquecde.com\/wp-content\/uploads\/2022\/10\/PAG-2-B-2.jpg\" alt=\"\" class=\"wp-image-5801\" srcset=\"https:\/\/radioparquecde.com\/wp-content\/uploads\/2022\/10\/PAG-2-B-2.jpg 939w, https:\/\/radioparquecde.com\/wp-content\/uploads\/2022\/10\/PAG-2-B-2-300x184.jpg 300w, https:\/\/radioparquecde.com\/wp-content\/uploads\/2022\/10\/PAG-2-B-2-768x471.jpg 768w\" sizes=\"auto, (max-width: 939px) 100vw, 939px\" \/><\/figure>\n\n\n\n<p>La Asociaci\u00f3n de Pioneros Franque\u00f1os y Descendientes expres\u00f3 que \u201cel municipio es el fruto del trabajo tesonero de su gente, es s\u00edmbolo de la labor humilde de su pueblo, teniendo en cuenta que mucho tiempo fue olvidado por las autoridades\u201d.<\/p>\n\n\n\n<p>Respecto al nuevo paso fronterizo, la organizaci\u00f3n indic\u00f3 que \u201csignifica el cumplimiento de un gran sue\u00f1o de los franque\u00f1os, lo cual se hace realidad despu\u00e9s de 30 a\u00f1os y es el motor que inicia el desarrollo de la ciudad, marginada por mucho tiempo\u201d.<\/p>\n","protected":false},"excerpt":{"rendered":"<p>La ciudad de Presidente Franco celebra este jueves su 93\u00b0 aniversario y la fiesta patronal&#8230;<\/p>\n","protected":false},"author":3,"featured_media":5802,"comment_status":"closed","ping_status":"closed","sticky":false,"template":"","format":"standard","meta":{"footnotes":""},"categories":[48,2],"tags":[],"class_list":["post-5799","post","type-post","status-publish","format-standard","has-post-thumbnail","hentry","category-alto-parana","category-destacadas"],"featured_image_urls":{"full":["https:\/\/radioparquecde.com\/wp-content\/uploads\/2022\/10\/PAG-2-B-2-1.jpg",939,576,false],"thumbnail":["https:\/\/radioparquecde.com\/wp-content\/uploads\/2022\/10\/PAG-2-B-2-1-150x150.jpg",150,150,true],"medium":["https:\/\/radioparquecde.com\/wp-content\/uploads\/2022\/10\/PAG-2-B-2-1-300x184.jpg",300,184,true],"medium_large":["https:\/\/radioparquecde.com\/wp-content\/uploads\/2022\/10\/PAG-2-B-2-1-768x471.jpg",640,393,true],"large":["https:\/\/radioparquecde.com\/wp-content\/uploads\/2022\/10\/PAG-2-B-2-1.jpg",640,393,false],"1536x1536":["https:\/\/radioparquecde.com\/wp-content\/uploads\/2022\/10\/PAG-2-B-2-1.jpg",939,576,false],"2048x2048":["https:\/\/radioparquecde.com\/wp-content\/uploads\/2022\/10\/PAG-2-B-2-1.jpg",939,576,false],"newsphere-slider-full":["https:\/\/radioparquecde.com\/wp-content\/uploads\/2022\/10\/PAG-2-B-2-1.jpg",939,576,false],"newsphere-featured":["https:\/\/radioparquecde.com\/wp-content\/uploads\/2022\/10\/PAG-2-B-2-1.jpg",939,576,false],"newsphere-medium":["https:\/\/radioparquecde.com\/wp-content\/uploads\/2022\/10\/PAG-2-B-2-1-720x380.jpg",720,380,true]},"author_info":{"display_name":"Editor","author_link":"https:\/\/radioparquecde.com\/index.php\/author\/editor\/"},"category_info":"<a href=\"https:\/\/radioparquecde.com\/index.php\/category\/alto-parana\/\" rel=\"category tag\">ALTO PARAN\u00c1<\/a> <a href=\"https:\/\/radioparquecde.com\/index.php\/category\/noticias\/destacadas\/\" rel=\"category tag\">Destacadas<\/a>","tag_info":"Destacadas","comment_count":"0","_links":{"self":[{"href":"https:\/\/radioparquecde.com\/index.php\/wp-json\/wp\/v2\/posts\/5799","targetHints":{"allow":["GET"]}}],"collection":[{"href":"https:\/\/radioparquecde.com\/index.php\/wp-json\/wp\/v2\/posts"}],"about":[{"href":"https:\/\/radioparquecde.com\/index.php\/wp-json\/wp\/v2\/types\/post"}],"author":[{"embeddable":true,"href":"https:\/\/radioparquecde.com\/index.php\/wp-json\/wp\/v2\/users\/3"}],"replies":[{"embeddable":true,"href":"https:\/\/radioparquecde.com\/index.php\/wp-json\/wp\/v2\/comments?post=5799"}],"version-history":[{"count":1,"href":"https:\/\/radioparquecde.com\/index.php\/wp-json\/wp\/v2\/posts\/5799\/revisions"}],"predecessor-version":[{"id":5803,"href":"https:\/\/radioparquecde.com\/index.php\/wp-json\/wp\/v2\/posts\/5799\/revisions\/5803"}],"wp:featuredmedia":[{"embeddable":true,"href":"https:\/\/radioparquecde.com\/index.php\/wp-json\/wp\/v2\/media\/5802"}],"wp:attachment":[{"href":"https:\/\/radioparquecde.com\/index.php\/wp-json\/wp\/v2\/media?parent=5799"}],"wp:term":[{"taxonomy":"category","embeddable":true,"href":"https:\/\/radioparquecde.com\/index.php\/wp-json\/wp\/v2\/categories?post=5799"},{"taxonomy":"post_tag","embeddable":true,"href":"https:\/\/radioparquecde.com\/index.php\/wp-json\/wp\/v2\/tags?post=5799"}],"curies":[{"name":"wp","href":"https:\/\/api.w.org\/{rel}","templated":true}]}}