{"id":5849,"date":"2022-10-17T08:25:11","date_gmt":"2022-10-17T11:25:11","guid":{"rendered":"https:\/\/radioparquecde.com\/?p=5849"},"modified":"2022-10-17T08:25:13","modified_gmt":"2022-10-17T11:25:13","slug":"dos-motociclistas-mueren-al-ser-atropellados-por-un-tractocamion","status":"publish","type":"post","link":"https:\/\/radioparquecde.com\/index.php\/2022\/10\/17\/dos-motociclistas-mueren-al-ser-atropellados-por-un-tractocamion\/","title":{"rendered":"Dos motociclistas mueren al ser atropellados por un tractocami\u00f3n"},"content":{"rendered":"\n<p>Los fallecidos fueron identificados como Derlis Pablo L\u00f3pez (28), domiciliado en vida en la ciudad de Hernandarias, quien estaba al mando de una motocicleta de la marca Taiga TL 250, de color negro, sin chapa, que se incendi\u00f3 tras el impacto. La otra v\u00edctima fatal fue identificada como Mikael Rosa da Silva, domiciliado en vida en la ciudad de Itakyry. Este \u00faltimo estaba al mando de una motocicleta de la marca Kenton, Dakar, 200 cc de color azul, a\u00f1o 2021, con matr\u00edcula 638 AANJ.<\/p>\n\n\n\n<figure class=\"wp-block-image size-large\"><img loading=\"lazy\" decoding=\"async\" width=\"1024\" height=\"586\" src=\"https:\/\/radioparquecde.com\/wp-content\/uploads\/2022\/10\/PAG-12-A-F1-2-1024x586.jpg\" alt=\"\" class=\"wp-image-5851\" srcset=\"https:\/\/radioparquecde.com\/wp-content\/uploads\/2022\/10\/PAG-12-A-F1-2-1024x586.jpg 1024w, https:\/\/radioparquecde.com\/wp-content\/uploads\/2022\/10\/PAG-12-A-F1-2-300x172.jpg 300w, https:\/\/radioparquecde.com\/wp-content\/uploads\/2022\/10\/PAG-12-A-F1-2-768x439.jpg 768w, https:\/\/radioparquecde.com\/wp-content\/uploads\/2022\/10\/PAG-12-A-F1-2-1536x879.jpg 1536w, https:\/\/radioparquecde.com\/wp-content\/uploads\/2022\/10\/PAG-12-A-F1-2.jpg 1575w\" sizes=\"auto, (max-width: 1024px) 100vw, 1024px\" \/><\/figure>\n\n\n\n<p>Los dos fueron atropellados por un tractocami\u00f3n de la marca Scania 113M \/ 360 de color azul, con matr\u00edcula APB 256, guiado por Hugo Ram\u00f3n Gonz\u00e1lez Ortega, de 22 a\u00f1os, domiciliado en la ciudad de Encarnaci\u00f3n.<\/p>\n\n\n\n<p>Aparentemente, los fallecidos se desplazaban uno al lado del otro sobre la referida carretera y, en un momento dado, fueron llevados por delante por el cami\u00f3n de gran porte y como consecuencia del impacto, el conductor del tractocami\u00f3n perdi\u00f3 el control y el enorme cami\u00f3n cargado con 25 toneladas de soja termin\u00f3 volcando sobre la ruta y los granos se esparcieron sobre la capa asf\u00e1ltica, dejando el tramo clausurado por varias horas.<\/p>\n\n\n\n<p>Los dos motociclistas murieron en el acto a ra\u00edz de las m\u00faltiples lesiones que sufrieron al ser arrollados.<\/p>\n\n\n\n<p>El camionero fue trasladado a la comisar\u00eda 13\u00aa de San Alberto, luego derivado a la base de la Patrulla Caminera, donde fue sometido a la prueba del alcotest, cuyo resultado fue negativo.<\/p>\n","protected":false},"excerpt":{"rendered":"<p>Los fallecidos fueron identificados como Derlis Pablo L\u00f3pez (28), domiciliado en vida en la ciudad&#8230;<\/p>\n","protected":false},"author":3,"featured_media":5852,"comment_status":"closed","ping_status":"closed","sticky":false,"template":"","format":"standard","meta":{"footnotes":""},"categories":[2,6,47],"tags":[],"class_list":["post-5849","post","type-post","status-publish","format-standard","has-post-thumbnail","hentry","category-destacadas","category-noticias","category-sucesos"],"featured_image_urls":{"full":["https:\/\/radioparquecde.com\/wp-content\/uploads\/2022\/10\/PAG-12-A-F1-2-1.jpg",1575,901,false],"thumbnail":["https:\/\/radioparquecde.com\/wp-content\/uploads\/2022\/10\/PAG-12-A-F1-2-1-150x150.jpg",150,150,true],"medium":["https:\/\/radioparquecde.com\/wp-content\/uploads\/2022\/10\/PAG-12-A-F1-2-1-300x172.jpg",300,172,true],"medium_large":["https:\/\/radioparquecde.com\/wp-content\/uploads\/2022\/10\/PAG-12-A-F1-2-1-768x439.jpg",640,366,true],"large":["https:\/\/radioparquecde.com\/wp-content\/uploads\/2022\/10\/PAG-12-A-F1-2-1-1024x586.jpg",640,366,true],"1536x1536":["https:\/\/radioparquecde.com\/wp-content\/uploads\/2022\/10\/PAG-12-A-F1-2-1-1536x879.jpg",1536,879,true],"2048x2048":["https:\/\/radioparquecde.com\/wp-content\/uploads\/2022\/10\/PAG-12-A-F1-2-1.jpg",1575,901,false],"newsphere-slider-full":["https:\/\/radioparquecde.com\/wp-content\/uploads\/2022\/10\/PAG-12-A-F1-2-1-1280x720.jpg",1280,720,true],"newsphere-featured":["https:\/\/radioparquecde.com\/wp-content\/uploads\/2022\/10\/PAG-12-A-F1-2-1-1024x586.jpg",1024,586,true],"newsphere-medium":["https:\/\/radioparquecde.com\/wp-content\/uploads\/2022\/10\/PAG-12-A-F1-2-1-720x380.jpg",720,380,true]},"author_info":{"display_name":"Editor","author_link":"https:\/\/radioparquecde.com\/index.php\/author\/editor\/"},"category_info":"<a href=\"https:\/\/radioparquecde.com\/index.php\/category\/noticias\/destacadas\/\" rel=\"category tag\">Destacadas<\/a> <a href=\"https:\/\/radioparquecde.com\/index.php\/category\/noticias\/\" rel=\"category tag\">Noticias<\/a> <a href=\"https:\/\/radioparquecde.com\/index.php\/category\/sucesos\/\" rel=\"category tag\">SUCESOS<\/a>","tag_info":"SUCESOS","comment_count":"0","_links":{"self":[{"href":"https:\/\/radioparquecde.com\/index.php\/wp-json\/wp\/v2\/posts\/5849","targetHints":{"allow":["GET"]}}],"collection":[{"href":"https:\/\/radioparquecde.com\/index.php\/wp-json\/wp\/v2\/posts"}],"about":[{"href":"https:\/\/radioparquecde.com\/index.php\/wp-json\/wp\/v2\/types\/post"}],"author":[{"embeddable":true,"href":"https:\/\/radioparquecde.com\/index.php\/wp-json\/wp\/v2\/users\/3"}],"replies":[{"embeddable":true,"href":"https:\/\/radioparquecde.com\/index.php\/wp-json\/wp\/v2\/comments?post=5849"}],"version-history":[{"count":1,"href":"https:\/\/radioparquecde.com\/index.php\/wp-json\/wp\/v2\/posts\/5849\/revisions"}],"predecessor-version":[{"id":5853,"href":"https:\/\/radioparquecde.com\/index.php\/wp-json\/wp\/v2\/posts\/5849\/revisions\/5853"}],"wp:featuredmedia":[{"embeddable":true,"href":"https:\/\/radioparquecde.com\/index.php\/wp-json\/wp\/v2\/media\/5852"}],"wp:attachment":[{"href":"https:\/\/radioparquecde.com\/index.php\/wp-json\/wp\/v2\/media?parent=5849"}],"wp:term":[{"taxonomy":"category","embeddable":true,"href":"https:\/\/radioparquecde.com\/index.php\/wp-json\/wp\/v2\/categories?post=5849"},{"taxonomy":"post_tag","embeddable":true,"href":"https:\/\/radioparquecde.com\/index.php\/wp-json\/wp\/v2\/tags?post=5849"}],"curies":[{"name":"wp","href":"https:\/\/api.w.org\/{rel}","templated":true}]}}