{"id":5901,"date":"2022-10-19T08:24:09","date_gmt":"2022-10-19T11:24:09","guid":{"rendered":"https:\/\/radioparquecde.com\/?p=5901"},"modified":"2022-10-19T08:24:11","modified_gmt":"2022-10-19T11:24:11","slug":"atrapan-a-argentino-depravado-acusado-de-abusar-de-una-nina-desde-que-tenia-7-anos","status":"publish","type":"post","link":"https:\/\/radioparquecde.com\/index.php\/2022\/10\/19\/atrapan-a-argentino-depravado-acusado-de-abusar-de-una-nina-desde-que-tenia-7-anos\/","title":{"rendered":"Atrapan a argentino depravado acusado de abusar de una ni\u00f1a desde que ten\u00eda 7 a\u00f1os"},"content":{"rendered":"\n<p>Polic\u00edas del Departamento Antisecuestros de la Polic\u00eda Nacional, regional Ciudad del Este, capturaron a un argentino sindicado como supuesto autor de sistem\u00e1ticos abusos sexuales, cuya v\u00edctima ahora tiene 13 a\u00f1os. Sin embargo, seg\u00fan la denuncia los abusos ocurrieron cuando la ni\u00f1a ten\u00eda apenas 7 a\u00f1os y se prolongaron hasta que cumpli\u00f3 10. La madre se enter\u00f3 del hecho reci\u00e9n el s\u00e1bado \u00faltimo e inmediatamente radic\u00f3 la denuncia ante el Ministerio P\u00fablico.&nbsp; El sujeto fue detenido ayer alrededor de las 10:20 en el barrio Don Bosco de esta ciudad.<\/p>\n\n\n\n<p>Se trata del argentino Elvio Florent\u00edn, de 64 a\u00f1os, domiciliado en inmediaciones donde lo detuvieron. La fiscal Vivian Coronel imput\u00f3 al depravado que habr\u00eda abusado de manera sistem\u00e1tica durante varios a\u00f1os de una ni\u00f1a, quien actualmente tiene 13 a\u00f1os de edad. El extranjero enfrenta proceso penal por el supuesto hecho punible de abuso sexual en ni\u00f1os y se encuentra privado de libertad en el calabozo de la Direcci\u00f3n de Polic\u00eda de Alto Paran\u00e1, a disposici\u00f3n del juzgado penal de garant\u00edas.<\/p>\n\n\n\n<p>Seg\u00fan la investigaci\u00f3n realizada por la unidad especializada en hechos punibles contra Ni\u00f1os y Adolescentes, a cargo de la fiscal Vivian Coronel, el sujeto habr\u00eda cometido las agresiones sexuales en repetidas ocasiones desde marzo de 2015 hasta octubre de 2018. Los hechos presuntamente se registraban en un edificio en construcci\u00f3n ubicado en inmediaciones de la vivienda de la ni\u00f1a.<\/p>\n\n\n\n<p>La denuncia sobre el caso fue radicada por la madre de la menor, el s\u00e1bado 16 de octubre \u00faltimo, tras enterarse de lo sucedido. Inmediatamente despu\u00e9s, la representaci\u00f3n p\u00fablica inici\u00f3 la investigaci\u00f3n. En ese sentido, la v\u00edctima fue evaluada por una profesional psic\u00f3loga del Centro de Atenci\u00f3n a V\u00edctimas del Ministerio P\u00fablico, oportunidad en que la misma cont\u00f3 detalladamente c\u00f3mo era abusada sexualmente por el sexagenario.<\/p>\n\n\n\n<figure class=\"wp-block-image size-full\"><img loading=\"lazy\" decoding=\"async\" width=\"720\" height=\"722\" src=\"https:\/\/radioparquecde.com\/wp-content\/uploads\/2022\/10\/PAG-13-A-F2-1.jpg\" alt=\"\" class=\"wp-image-5903\" srcset=\"https:\/\/radioparquecde.com\/wp-content\/uploads\/2022\/10\/PAG-13-A-F2-1.jpg 720w, https:\/\/radioparquecde.com\/wp-content\/uploads\/2022\/10\/PAG-13-A-F2-1-300x300.jpg 300w, https:\/\/radioparquecde.com\/wp-content\/uploads\/2022\/10\/PAG-13-A-F2-1-150x150.jpg 150w\" sizes=\"auto, (max-width: 720px) 100vw, 720px\" \/><\/figure>\n\n\n\n<p>Luego, la fiscal orden\u00f3 la detenci\u00f3n preventiva del presunto agresor sexual, quien fue privado de libertad durante un procedimiento conjunto realizado por agentes del Departamento Antisecuestros, Investigaci\u00f3n de Delitos y del Departamento de Investigaci\u00f3n de Trata de Personas de la Polic\u00eda Nacional.<\/p>\n\n\n\n<p>Finalmente, al considerar los elementos de sospecha, la responsable de la investigaci\u00f3n dispuso la imputaci\u00f3n de Florent\u00edn y de igual forma solicit\u00f3 al juzgado de garant\u00edas que decrete su prisi\u00f3n preventiva. Asimismo, solicit\u00f3 cuatro meses de plazo para la presentaci\u00f3n del requerimiento conclusivo.<\/p>\n","protected":false},"excerpt":{"rendered":"<p>Polic\u00edas del Departamento Antisecuestros de la Polic\u00eda Nacional, regional Ciudad del Este, capturaron a un&#8230;<\/p>\n","protected":false},"author":3,"featured_media":5904,"comment_status":"closed","ping_status":"closed","sticky":false,"template":"","format":"standard","meta":{"footnotes":""},"categories":[6,47],"tags":[],"class_list":["post-5901","post","type-post","status-publish","format-standard","has-post-thumbnail","hentry","category-noticias","category-sucesos"],"featured_image_urls":{"full":["https:\/\/radioparquecde.com\/wp-content\/uploads\/2022\/10\/PAG-13-A-F2-1-1.jpg",720,722,false],"thumbnail":["https:\/\/radioparquecde.com\/wp-content\/uploads\/2022\/10\/PAG-13-A-F2-1-1-150x150.jpg",150,150,true],"medium":["https:\/\/radioparquecde.com\/wp-content\/uploads\/2022\/10\/PAG-13-A-F2-1-1-300x300.jpg",300,300,true],"medium_large":["https:\/\/radioparquecde.com\/wp-content\/uploads\/2022\/10\/PAG-13-A-F2-1-1.jpg",640,642,false],"large":["https:\/\/radioparquecde.com\/wp-content\/uploads\/2022\/10\/PAG-13-A-F2-1-1.jpg",640,642,false],"1536x1536":["https:\/\/radioparquecde.com\/wp-content\/uploads\/2022\/10\/PAG-13-A-F2-1-1.jpg",720,722,false],"2048x2048":["https:\/\/radioparquecde.com\/wp-content\/uploads\/2022\/10\/PAG-13-A-F2-1-1.jpg",720,722,false],"newsphere-slider-full":["https:\/\/radioparquecde.com\/wp-content\/uploads\/2022\/10\/PAG-13-A-F2-1-1-720x720.jpg",720,720,true],"newsphere-featured":["https:\/\/radioparquecde.com\/wp-content\/uploads\/2022\/10\/PAG-13-A-F2-1-1.jpg",720,722,false],"newsphere-medium":["https:\/\/radioparquecde.com\/wp-content\/uploads\/2022\/10\/PAG-13-A-F2-1-1-720x380.jpg",720,380,true]},"author_info":{"display_name":"Editor","author_link":"https:\/\/radioparquecde.com\/index.php\/author\/editor\/"},"category_info":"<a href=\"https:\/\/radioparquecde.com\/index.php\/category\/noticias\/\" rel=\"category tag\">Noticias<\/a> <a href=\"https:\/\/radioparquecde.com\/index.php\/category\/sucesos\/\" rel=\"category tag\">SUCESOS<\/a>","tag_info":"SUCESOS","comment_count":"0","_links":{"self":[{"href":"https:\/\/radioparquecde.com\/index.php\/wp-json\/wp\/v2\/posts\/5901","targetHints":{"allow":["GET"]}}],"collection":[{"href":"https:\/\/radioparquecde.com\/index.php\/wp-json\/wp\/v2\/posts"}],"about":[{"href":"https:\/\/radioparquecde.com\/index.php\/wp-json\/wp\/v2\/types\/post"}],"author":[{"embeddable":true,"href":"https:\/\/radioparquecde.com\/index.php\/wp-json\/wp\/v2\/users\/3"}],"replies":[{"embeddable":true,"href":"https:\/\/radioparquecde.com\/index.php\/wp-json\/wp\/v2\/comments?post=5901"}],"version-history":[{"count":1,"href":"https:\/\/radioparquecde.com\/index.php\/wp-json\/wp\/v2\/posts\/5901\/revisions"}],"predecessor-version":[{"id":5905,"href":"https:\/\/radioparquecde.com\/index.php\/wp-json\/wp\/v2\/posts\/5901\/revisions\/5905"}],"wp:featuredmedia":[{"embeddable":true,"href":"https:\/\/radioparquecde.com\/index.php\/wp-json\/wp\/v2\/media\/5904"}],"wp:attachment":[{"href":"https:\/\/radioparquecde.com\/index.php\/wp-json\/wp\/v2\/media?parent=5901"}],"wp:term":[{"taxonomy":"category","embeddable":true,"href":"https:\/\/radioparquecde.com\/index.php\/wp-json\/wp\/v2\/categories?post=5901"},{"taxonomy":"post_tag","embeddable":true,"href":"https:\/\/radioparquecde.com\/index.php\/wp-json\/wp\/v2\/tags?post=5901"}],"curies":[{"name":"wp","href":"https:\/\/api.w.org\/{rel}","templated":true}]}}