{"id":5916,"date":"2022-10-19T09:00:25","date_gmt":"2022-10-19T12:00:25","guid":{"rendered":"https:\/\/radioparquecde.com\/?p=5916"},"modified":"2022-10-19T09:00:26","modified_gmt":"2022-10-19T12:00:26","slug":"cae-joven-que-mato-de-una-punalada-a-su-mama-e-hirio-a-su-hermano","status":"publish","type":"post","link":"https:\/\/radioparquecde.com\/index.php\/2022\/10\/19\/cae-joven-que-mato-de-una-punalada-a-su-mama-e-hirio-a-su-hermano\/","title":{"rendered":"Cae joven que mat\u00f3 de una pu\u00f1alada a su mam\u00e1 e hiri\u00f3 a su hermano"},"content":{"rendered":"\n<p>El joven Alan Franco, de 18 a\u00f1os, fue detenido anoche en la ciudad de Coronel Oviedo, departamento de Caaguaz\u00fa. Est\u00e1 sindicado de matar de una pu\u00f1alada a su madre Mar\u00eda Peralta Fari\u00f1a (46), adem\u00e1s de herir a su hermano Seraf\u00edn Franco Fari\u00f1a (21). El hecho se produjo el domingo \u00faltimo en una vivienda del barrio San Rafael de Ciudad del Este.<\/p>\n\n\n\n<p>Los antecedentes refieren que Alan Franco Fari\u00f1a lleg\u00f3 a la casa familiar al amanecer del domingo \u00faltimo en presunto estado et\u00edlico, luego de participar de alguna fiesta, forz\u00f3 el port\u00f3n de acceso y se encontr\u00f3 con su madre. Esta le reclam\u00f3 su hora y estado de llegada, arrancando una discusi\u00f3n alrededor de las 05:30, momento en que se apoder\u00f3 de un cuchillo de cocina con el que le aplic\u00f3 una estocada a la altura del abdomen. El barullo hizo que Seraf\u00edn Franco, el otro hijo, quien dorm\u00eda, se despertara e intentara defender a su progenitora.<\/p>\n\n\n\n<p><strong>OTRA PU\u00d1ALADA<\/strong><\/p>\n\n\n\n<p>Cuando el hermano de 21 a\u00f1os se interpuso para evitar otras heridas en la humanidad de su madre, Alan tambi\u00e9n le asest\u00f3 una pu\u00f1alada en el vientre, costado izquierdo, para huir con rumbo desconocido. Los heridos fueron encontrados ensangrentados por sus vecinos que los trasladaron hasta el IPS, donde los m\u00e9dicos de guardia les practicaron los primeros auxilios. Inicialmente, el doctor Manuel Rivas inform\u00f3 que los dos pacientes se encontraban en estado de observaci\u00f3n. Posteriormente, se certific\u00f3 en el historial cl\u00ednico de Mar\u00eda Perla tuvo sustanciosos cambios debido a la gravedad de la herida.<\/p>\n\n\n\n<figure class=\"wp-block-image size-full\"><img loading=\"lazy\" decoding=\"async\" width=\"900\" height=\"739\" src=\"https:\/\/radioparquecde.com\/wp-content\/uploads\/2022\/10\/WhatsApp-Image-2022-10-18-at-22.11.24.jpeg\" alt=\"\" class=\"wp-image-5918\" srcset=\"https:\/\/radioparquecde.com\/wp-content\/uploads\/2022\/10\/WhatsApp-Image-2022-10-18-at-22.11.24.jpeg 900w, https:\/\/radioparquecde.com\/wp-content\/uploads\/2022\/10\/WhatsApp-Image-2022-10-18-at-22.11.24-300x246.jpeg 300w, https:\/\/radioparquecde.com\/wp-content\/uploads\/2022\/10\/WhatsApp-Image-2022-10-18-at-22.11.24-768x631.jpeg 768w\" sizes=\"auto, (max-width: 900px) 100vw, 900px\" \/><\/figure>\n\n\n\n<p><strong>IMPUTADO<\/strong><\/p>\n\n\n\n<p>Ayer, la agencia que investiga el caso recibi\u00f3 la notificaci\u00f3n sobre la muerte de la mujer, hecho que motiv\u00f3 la inmediata imputaci\u00f3n del fugado, Alan Gaspar Franco Fari\u00f1a como responsable de homicidio doloso y lesi\u00f3n grave, atendiendo que su hermano Seraf\u00edn sigue internado con pron\u00f3stico reservado en el centro asistencial.<\/p>\n\n\n\n<p>Seg\u00fan el certificado de \u00f3bito, Mar\u00eda Perla muri\u00f3 a consecuencia de falla multiorg\u00e1nica, que le produjo shock hipovol\u00e9mico, debido a la hemorragia interna y lesi\u00f3n de \u00f3rganos vitales.<\/p>\n","protected":false},"excerpt":{"rendered":"<p>El joven Alan Franco, de 18 a\u00f1os, fue detenido anoche en la ciudad de Coronel&#8230;<\/p>\n","protected":false},"author":3,"featured_media":5919,"comment_status":"closed","ping_status":"closed","sticky":false,"template":"","format":"standard","meta":{"footnotes":""},"categories":[48,6,47],"tags":[],"class_list":["post-5916","post","type-post","status-publish","format-standard","has-post-thumbnail","hentry","category-alto-parana","category-noticias","category-sucesos"],"featured_image_urls":{"full":["https:\/\/radioparquecde.com\/wp-content\/uploads\/2022\/10\/WhatsApp-Image-2022-10-18-at-22.11.24-1.jpeg",900,739,false],"thumbnail":["https:\/\/radioparquecde.com\/wp-content\/uploads\/2022\/10\/WhatsApp-Image-2022-10-18-at-22.11.24-1-150x150.jpeg",150,150,true],"medium":["https:\/\/radioparquecde.com\/wp-content\/uploads\/2022\/10\/WhatsApp-Image-2022-10-18-at-22.11.24-1-300x246.jpeg",300,246,true],"medium_large":["https:\/\/radioparquecde.com\/wp-content\/uploads\/2022\/10\/WhatsApp-Image-2022-10-18-at-22.11.24-1-768x631.jpeg",640,526,true],"large":["https:\/\/radioparquecde.com\/wp-content\/uploads\/2022\/10\/WhatsApp-Image-2022-10-18-at-22.11.24-1.jpeg",640,526,false],"1536x1536":["https:\/\/radioparquecde.com\/wp-content\/uploads\/2022\/10\/WhatsApp-Image-2022-10-18-at-22.11.24-1.jpeg",900,739,false],"2048x2048":["https:\/\/radioparquecde.com\/wp-content\/uploads\/2022\/10\/WhatsApp-Image-2022-10-18-at-22.11.24-1.jpeg",900,739,false],"newsphere-slider-full":["https:\/\/radioparquecde.com\/wp-content\/uploads\/2022\/10\/WhatsApp-Image-2022-10-18-at-22.11.24-1-900x720.jpeg",900,720,true],"newsphere-featured":["https:\/\/radioparquecde.com\/wp-content\/uploads\/2022\/10\/WhatsApp-Image-2022-10-18-at-22.11.24-1.jpeg",900,739,false],"newsphere-medium":["https:\/\/radioparquecde.com\/wp-content\/uploads\/2022\/10\/WhatsApp-Image-2022-10-18-at-22.11.24-1-720x380.jpeg",720,380,true]},"author_info":{"display_name":"Editor","author_link":"https:\/\/radioparquecde.com\/index.php\/author\/editor\/"},"category_info":"<a href=\"https:\/\/radioparquecde.com\/index.php\/category\/alto-parana\/\" rel=\"category tag\">ALTO PARAN\u00c1<\/a> <a href=\"https:\/\/radioparquecde.com\/index.php\/category\/noticias\/\" rel=\"category tag\">Noticias<\/a> <a href=\"https:\/\/radioparquecde.com\/index.php\/category\/sucesos\/\" rel=\"category tag\">SUCESOS<\/a>","tag_info":"SUCESOS","comment_count":"0","_links":{"self":[{"href":"https:\/\/radioparquecde.com\/index.php\/wp-json\/wp\/v2\/posts\/5916","targetHints":{"allow":["GET"]}}],"collection":[{"href":"https:\/\/radioparquecde.com\/index.php\/wp-json\/wp\/v2\/posts"}],"about":[{"href":"https:\/\/radioparquecde.com\/index.php\/wp-json\/wp\/v2\/types\/post"}],"author":[{"embeddable":true,"href":"https:\/\/radioparquecde.com\/index.php\/wp-json\/wp\/v2\/users\/3"}],"replies":[{"embeddable":true,"href":"https:\/\/radioparquecde.com\/index.php\/wp-json\/wp\/v2\/comments?post=5916"}],"version-history":[{"count":1,"href":"https:\/\/radioparquecde.com\/index.php\/wp-json\/wp\/v2\/posts\/5916\/revisions"}],"predecessor-version":[{"id":5920,"href":"https:\/\/radioparquecde.com\/index.php\/wp-json\/wp\/v2\/posts\/5916\/revisions\/5920"}],"wp:featuredmedia":[{"embeddable":true,"href":"https:\/\/radioparquecde.com\/index.php\/wp-json\/wp\/v2\/media\/5919"}],"wp:attachment":[{"href":"https:\/\/radioparquecde.com\/index.php\/wp-json\/wp\/v2\/media?parent=5916"}],"wp:term":[{"taxonomy":"category","embeddable":true,"href":"https:\/\/radioparquecde.com\/index.php\/wp-json\/wp\/v2\/categories?post=5916"},{"taxonomy":"post_tag","embeddable":true,"href":"https:\/\/radioparquecde.com\/index.php\/wp-json\/wp\/v2\/tags?post=5916"}],"curies":[{"name":"wp","href":"https:\/\/api.w.org\/{rel}","templated":true}]}}