{"id":6057,"date":"2022-10-28T09:17:35","date_gmt":"2022-10-28T12:17:35","guid":{"rendered":"https:\/\/radioparquecde.com\/?p=6057"},"modified":"2022-10-28T09:17:36","modified_gmt":"2022-10-28T12:17:36","slug":"recuperan-en-ciudad-del-este-una-camioneta-robada-en-encarnacion","status":"publish","type":"post","link":"https:\/\/radioparquecde.com\/index.php\/2022\/10\/28\/recuperan-en-ciudad-del-este-una-camioneta-robada-en-encarnacion\/","title":{"rendered":"Recuperan en Ciudad del Este una camioneta robada en Encarnaci\u00f3n"},"content":{"rendered":"\n<p>Una camioneta que fue hurtada alrededor de las 03:00 h de la madrugada del jueves&nbsp; en Encarnaci\u00f3n (Itap\u00faa) fue recuperada ayer a la ma\u00f1ana en un estacionamiento privado en el microcentro de Ciudad del Este.<\/p>\n\n\n\n<p>Se trata de Toyota Fortuner, gris a\u00f1o 2017, inscripta en el Registro del Automotor&nbsp; con la matr\u00edcula NBJ 272, pero a la hora que fue encontrada los robacoches ya le cambiaron la placa coloc\u00e1ndole otra, HAO 922, que pertenece a una camioneta Jeep Renegade Sport, de color negro, a\u00f1o 2016, registrada a nombre de Gloria Sandra Elizabeth Ayala Gim\u00e9nez<\/p>\n\n\n\n<figure class=\"wp-block-image size-large\"><img loading=\"lazy\" decoding=\"async\" width=\"1024\" height=\"771\" src=\"https:\/\/radioparquecde.com\/wp-content\/uploads\/2022\/10\/PAG-13-B-4-1024x771.jpg\" alt=\"\" class=\"wp-image-6059\" srcset=\"https:\/\/radioparquecde.com\/wp-content\/uploads\/2022\/10\/PAG-13-B-4-1024x771.jpg 1024w, https:\/\/radioparquecde.com\/wp-content\/uploads\/2022\/10\/PAG-13-B-4-300x226.jpg 300w, https:\/\/radioparquecde.com\/wp-content\/uploads\/2022\/10\/PAG-13-B-4-768x578.jpg 768w, https:\/\/radioparquecde.com\/wp-content\/uploads\/2022\/10\/PAG-13-B-4-1536x1156.jpg 1536w, https:\/\/radioparquecde.com\/wp-content\/uploads\/2022\/10\/PAG-13-B-4.jpg 1600w\" sizes=\"auto, (max-width: 1024px) 100vw, 1024px\" \/><\/figure>\n\n\n\n<p>El rodado fue denunciado como robado por su propietario, Douglas Borella Vognochi, de nacionalidad brasile\u00f1a (39), domiciliado en el barrio Catedral de Encarnaci\u00f3n. Seg\u00fan los datos, el mismo estacion\u00f3 su veh\u00edculo alrededor de las 19:00 del mi\u00e9rcoles,sobre la calle Pedro Juan Caballero c\/ Gral. Artigas de Encarnaci\u00f3n. A las 06:00 del jueves se percat\u00f3 que su rodado ya no estaba. Verific\u00f3 el circuito cerrado donde pudo visualizar que siendo las 03:10 aproximadamente un hombre, con vestimenta color claro, con quepis y mochila en la espalda hab\u00eda ingresado a la camioneta y en cuesti\u00f3n de minutos se llev\u00f3 el rodado en cuyo interior estaba la cedula verde, contrato de compra-venta y p\u00f3liza de seguro.<\/p>\n\n\n\n<p>Tres sujetos ingresaron con la camioneta a un estacionamiento privado del microcentro de Ciudad del Este, donde procedieron a cambiar las placas, hecho que llam\u00f3 la atenci\u00f3n del encargado, quien llam\u00f3 a la Polic\u00eda y notific\u00f3 el extra\u00f1o proceder de los sujetos. Agentes del grupo Lince y del Departamento de Investigaciones llegaron al lugar para verificar la denuncia, pero ya solo encontraron la camioneta, no as\u00ed a los supuestos autores. Los investigadores presumen que cambiaron la chapa para cruzar al Brasil con el rodado y comercializarlo en alguna favela.<\/p>\n","protected":false},"excerpt":{"rendered":"<p>Una camioneta que fue hurtada alrededor de las 03:00 h de la madrugada del jueves&nbsp;&#8230;<\/p>\n","protected":false},"author":3,"featured_media":6060,"comment_status":"closed","ping_status":"closed","sticky":false,"template":"","format":"standard","meta":{"footnotes":""},"categories":[48,6],"tags":[],"class_list":["post-6057","post","type-post","status-publish","format-standard","has-post-thumbnail","hentry","category-alto-parana","category-noticias"],"featured_image_urls":{"full":["https:\/\/radioparquecde.com\/wp-content\/uploads\/2022\/10\/PAG-13-B-4-1.jpg",1600,1204,false],"thumbnail":["https:\/\/radioparquecde.com\/wp-content\/uploads\/2022\/10\/PAG-13-B-4-1-150x150.jpg",150,150,true],"medium":["https:\/\/radioparquecde.com\/wp-content\/uploads\/2022\/10\/PAG-13-B-4-1-300x226.jpg",300,226,true],"medium_large":["https:\/\/radioparquecde.com\/wp-content\/uploads\/2022\/10\/PAG-13-B-4-1-768x578.jpg",640,482,true],"large":["https:\/\/radioparquecde.com\/wp-content\/uploads\/2022\/10\/PAG-13-B-4-1-1024x771.jpg",640,482,true],"1536x1536":["https:\/\/radioparquecde.com\/wp-content\/uploads\/2022\/10\/PAG-13-B-4-1-1536x1156.jpg",1536,1156,true],"2048x2048":["https:\/\/radioparquecde.com\/wp-content\/uploads\/2022\/10\/PAG-13-B-4-1.jpg",1600,1204,false],"newsphere-slider-full":["https:\/\/radioparquecde.com\/wp-content\/uploads\/2022\/10\/PAG-13-B-4-1-1280x720.jpg",1280,720,true],"newsphere-featured":["https:\/\/radioparquecde.com\/wp-content\/uploads\/2022\/10\/PAG-13-B-4-1-1024x771.jpg",1024,771,true],"newsphere-medium":["https:\/\/radioparquecde.com\/wp-content\/uploads\/2022\/10\/PAG-13-B-4-1-720x380.jpg",720,380,true]},"author_info":{"display_name":"Editor","author_link":"https:\/\/radioparquecde.com\/index.php\/author\/editor\/"},"category_info":"<a href=\"https:\/\/radioparquecde.com\/index.php\/category\/alto-parana\/\" rel=\"category tag\">ALTO PARAN\u00c1<\/a> <a href=\"https:\/\/radioparquecde.com\/index.php\/category\/noticias\/\" rel=\"category tag\">Noticias<\/a>","tag_info":"Noticias","comment_count":"0","_links":{"self":[{"href":"https:\/\/radioparquecde.com\/index.php\/wp-json\/wp\/v2\/posts\/6057","targetHints":{"allow":["GET"]}}],"collection":[{"href":"https:\/\/radioparquecde.com\/index.php\/wp-json\/wp\/v2\/posts"}],"about":[{"href":"https:\/\/radioparquecde.com\/index.php\/wp-json\/wp\/v2\/types\/post"}],"author":[{"embeddable":true,"href":"https:\/\/radioparquecde.com\/index.php\/wp-json\/wp\/v2\/users\/3"}],"replies":[{"embeddable":true,"href":"https:\/\/radioparquecde.com\/index.php\/wp-json\/wp\/v2\/comments?post=6057"}],"version-history":[{"count":1,"href":"https:\/\/radioparquecde.com\/index.php\/wp-json\/wp\/v2\/posts\/6057\/revisions"}],"predecessor-version":[{"id":6061,"href":"https:\/\/radioparquecde.com\/index.php\/wp-json\/wp\/v2\/posts\/6057\/revisions\/6061"}],"wp:featuredmedia":[{"embeddable":true,"href":"https:\/\/radioparquecde.com\/index.php\/wp-json\/wp\/v2\/media\/6060"}],"wp:attachment":[{"href":"https:\/\/radioparquecde.com\/index.php\/wp-json\/wp\/v2\/media?parent=6057"}],"wp:term":[{"taxonomy":"category","embeddable":true,"href":"https:\/\/radioparquecde.com\/index.php\/wp-json\/wp\/v2\/categories?post=6057"},{"taxonomy":"post_tag","embeddable":true,"href":"https:\/\/radioparquecde.com\/index.php\/wp-json\/wp\/v2\/tags?post=6057"}],"curies":[{"name":"wp","href":"https:\/\/api.w.org\/{rel}","templated":true}]}}