{"id":6062,"date":"2022-10-28T09:21:14","date_gmt":"2022-10-28T12:21:14","guid":{"rendered":"https:\/\/radioparquecde.com\/?p=6062"},"modified":"2022-10-28T09:21:15","modified_gmt":"2022-10-28T12:21:15","slug":"atrapan-a-proxeneta-acusada-de-reclutar-y-prostituir-a-paraguayas-en-la-argentina","status":"publish","type":"post","link":"https:\/\/radioparquecde.com\/index.php\/2022\/10\/28\/atrapan-a-proxeneta-acusada-de-reclutar-y-prostituir-a-paraguayas-en-la-argentina\/","title":{"rendered":"Atrapan a proxeneta acusada de reclutar y prostituir a paraguayas en la Argentina"},"content":{"rendered":"\n<p>Agentes del departamento Anti Trata de Personas de la Polic\u00eda Nacional, regional Alto Paran\u00e1, detuvieron el mi\u00e9rcoles a la tarde a una mujer con pedido de extradici\u00f3n por la justicia argentina. La compatriota est\u00e1 acusada de reclutar y llevar bajo enga\u00f1o a j\u00f3venes paraguayas a la Argentina, donde eran obligadas a prostituirse. El procedimiento se realiz\u00f3 en la ciudad de Mayor Ota\u00f1o, departamento de Itap\u00faa<\/p>\n\n\n\n<p>La detenida est\u00e1 identificada como Mariana Ch\u00e1vez de Ferreira (51), domiciliada en el lugar del procedimiento. La mujer posee orden de captura internacional con fines de extradici\u00f3n desde el 2019, emanada del juzgado penal de garant\u00edas N\u00b0 11, firmado electr\u00f3nicamente por el actuario judicial Jos\u00e9 Manuel Borja B\u00e1ez.<\/p>\n\n\n\n<figure class=\"wp-block-image size-large\"><img loading=\"lazy\" decoding=\"async\" width=\"758\" height=\"1024\" src=\"https:\/\/radioparquecde.com\/wp-content\/uploads\/2022\/10\/PAG-12-B-7-758x1024.jpg\" alt=\"\" class=\"wp-image-6064\" srcset=\"https:\/\/radioparquecde.com\/wp-content\/uploads\/2022\/10\/PAG-12-B-7-758x1024.jpg 758w, https:\/\/radioparquecde.com\/wp-content\/uploads\/2022\/10\/PAG-12-B-7-222x300.jpg 222w, https:\/\/radioparquecde.com\/wp-content\/uploads\/2022\/10\/PAG-12-B-7-768x1038.jpg 768w, https:\/\/radioparquecde.com\/wp-content\/uploads\/2022\/10\/PAG-12-B-7-1137x1536.jpg 1137w, https:\/\/radioparquecde.com\/wp-content\/uploads\/2022\/10\/PAG-12-B-7-1516x2048.jpg 1516w, https:\/\/radioparquecde.com\/wp-content\/uploads\/2022\/10\/PAG-12-B-7-1024x1384.jpg 1024w, https:\/\/radioparquecde.com\/wp-content\/uploads\/2022\/10\/PAG-12-B-7.jpg 1575w\" sizes=\"auto, (max-width: 758px) 100vw, 758px\" \/><\/figure>\n\n\n\n<p>Seg\u00fan los datos, la sospechosa bajo enga\u00f1os llevaba a jovencitas de Mayor Ota\u00f1o y alrededores a Argentina y las prostitu\u00eda en un burdel que aparentemente era de su propiedad.<\/p>\n\n\n\n<p>ALLANAMIENTO<\/p>\n\n\n\n<p>En el a\u00f1o 2019, el Ministerio P\u00fablico y la Polic\u00eda argentina allanaron un burdel, de donde fueron rescatadas varias compatriotas que trabajaban como prostitutas, entre ellas incluso hab\u00eda menores. Las mujeres indicaron a Mariana Ch\u00e1vez como la que las hab\u00eda llevado al lugar, por lo que la justicia del vecino pa\u00eds solicit\u00f3 la captura internacional de la misma.<\/p>\n","protected":false},"excerpt":{"rendered":"<p>Agentes del departamento Anti Trata de Personas de la Polic\u00eda Nacional, regional Alto Paran\u00e1, detuvieron&#8230;<\/p>\n","protected":false},"author":3,"featured_media":6065,"comment_status":"closed","ping_status":"closed","sticky":false,"template":"","format":"standard","meta":{"footnotes":""},"categories":[6,47],"tags":[],"class_list":["post-6062","post","type-post","status-publish","format-standard","has-post-thumbnail","hentry","category-noticias","category-sucesos"],"featured_image_urls":{"full":["https:\/\/radioparquecde.com\/wp-content\/uploads\/2022\/10\/PAG-12-B-7-1.jpg",1575,2128,false],"thumbnail":["https:\/\/radioparquecde.com\/wp-content\/uploads\/2022\/10\/PAG-12-B-7-1-150x150.jpg",150,150,true],"medium":["https:\/\/radioparquecde.com\/wp-content\/uploads\/2022\/10\/PAG-12-B-7-1-222x300.jpg",222,300,true],"medium_large":["https:\/\/radioparquecde.com\/wp-content\/uploads\/2022\/10\/PAG-12-B-7-1-768x1038.jpg",640,865,true],"large":["https:\/\/radioparquecde.com\/wp-content\/uploads\/2022\/10\/PAG-12-B-7-1-758x1024.jpg",640,865,true],"1536x1536":["https:\/\/radioparquecde.com\/wp-content\/uploads\/2022\/10\/PAG-12-B-7-1-1137x1536.jpg",1137,1536,true],"2048x2048":["https:\/\/radioparquecde.com\/wp-content\/uploads\/2022\/10\/PAG-12-B-7-1-1516x2048.jpg",1516,2048,true],"newsphere-slider-full":["https:\/\/radioparquecde.com\/wp-content\/uploads\/2022\/10\/PAG-12-B-7-1-1280x720.jpg",1280,720,true],"newsphere-featured":["https:\/\/radioparquecde.com\/wp-content\/uploads\/2022\/10\/PAG-12-B-7-1-1024x1384.jpg",1024,1384,true],"newsphere-medium":["https:\/\/radioparquecde.com\/wp-content\/uploads\/2022\/10\/PAG-12-B-7-1-720x380.jpg",720,380,true]},"author_info":{"display_name":"Editor","author_link":"https:\/\/radioparquecde.com\/index.php\/author\/editor\/"},"category_info":"<a href=\"https:\/\/radioparquecde.com\/index.php\/category\/noticias\/\" rel=\"category tag\">Noticias<\/a> <a href=\"https:\/\/radioparquecde.com\/index.php\/category\/sucesos\/\" rel=\"category tag\">SUCESOS<\/a>","tag_info":"SUCESOS","comment_count":"0","_links":{"self":[{"href":"https:\/\/radioparquecde.com\/index.php\/wp-json\/wp\/v2\/posts\/6062","targetHints":{"allow":["GET"]}}],"collection":[{"href":"https:\/\/radioparquecde.com\/index.php\/wp-json\/wp\/v2\/posts"}],"about":[{"href":"https:\/\/radioparquecde.com\/index.php\/wp-json\/wp\/v2\/types\/post"}],"author":[{"embeddable":true,"href":"https:\/\/radioparquecde.com\/index.php\/wp-json\/wp\/v2\/users\/3"}],"replies":[{"embeddable":true,"href":"https:\/\/radioparquecde.com\/index.php\/wp-json\/wp\/v2\/comments?post=6062"}],"version-history":[{"count":1,"href":"https:\/\/radioparquecde.com\/index.php\/wp-json\/wp\/v2\/posts\/6062\/revisions"}],"predecessor-version":[{"id":6066,"href":"https:\/\/radioparquecde.com\/index.php\/wp-json\/wp\/v2\/posts\/6062\/revisions\/6066"}],"wp:featuredmedia":[{"embeddable":true,"href":"https:\/\/radioparquecde.com\/index.php\/wp-json\/wp\/v2\/media\/6065"}],"wp:attachment":[{"href":"https:\/\/radioparquecde.com\/index.php\/wp-json\/wp\/v2\/media?parent=6062"}],"wp:term":[{"taxonomy":"category","embeddable":true,"href":"https:\/\/radioparquecde.com\/index.php\/wp-json\/wp\/v2\/categories?post=6062"},{"taxonomy":"post_tag","embeddable":true,"href":"https:\/\/radioparquecde.com\/index.php\/wp-json\/wp\/v2\/tags?post=6062"}],"curies":[{"name":"wp","href":"https:\/\/api.w.org\/{rel}","templated":true}]}}