{"id":609,"date":"2022-01-03T20:20:05","date_gmt":"2022-01-03T20:20:05","guid":{"rendered":"https:\/\/radioparquecde.com\/web\/?p=609"},"modified":"2022-01-03T20:57:41","modified_gmt":"2022-01-03T20:57:41","slug":"joven-murio-ahogado-en-ita-enramada-tenia-la-nariz-el-labio-y-uno-de-los-pomulos-carcomidos","status":"publish","type":"post","link":"https:\/\/radioparquecde.com\/index.php\/2022\/01\/03\/joven-murio-ahogado-en-ita-enramada-tenia-la-nariz-el-labio-y-uno-de-los-pomulos-carcomidos\/","title":{"rendered":"Joven muri\u00f3 ahogado en It\u00e1 Enramada: Ten\u00eda la nariz, el labio y uno de los p\u00f3mulos carcomidos"},"content":{"rendered":"\n<p>Este domingo a la tarde se report\u00f3 la desaparici\u00f3n de un joven en aguas del r\u00edo Paraguay. El hecho fue comunicado a la Prefectura Naval de It\u00e1 Enramada y a la Comisar\u00eda 13 de dicha ciudad. Los familiares lograron sacar el cuerpo del joven a la orilla del r\u00edo, pero ten\u00eda la nariz, el labio superior y una de las mejillas carcomidas aparentemente por pira\u00f1as. Posteriormente fue trasladado hasta el Hospital de Lambar\u00e9 donde se constat\u00f3 su deceso.<\/p>\n\n\n\n<!--more-->\n\n\n\n<figure class=\"wp-block-image size-full\"><img loading=\"lazy\" decoding=\"async\" width=\"378\" height=\"405\" src=\"https:\/\/radioparquecde.com\/web\/wp-content\/uploads\/2022\/01\/478.jpg\" alt=\"\" class=\"wp-image-611\" srcset=\"https:\/\/radioparquecde.com\/wp-content\/uploads\/2022\/01\/478.jpg 378w, https:\/\/radioparquecde.com\/wp-content\/uploads\/2022\/01\/478-280x300.jpg 280w\" sizes=\"auto, (max-width: 378px) 100vw, 378px\" \/><\/figure>\n\n\n\n<p>El subcomisario Bernardo Aquino, subjefe de la Comisar\u00eda 13 de It\u00e1 Enramada, manifest\u00f3 que el joven, identificado como \u00c1ngel de los Santos Br\u00edtez C\u00e9spedes de 22 a\u00f1os, fue sacado por los familiares a orillas del r\u00edo aparentemente con signos de vida, raz\u00f3n por la cual fue trasladado en la patrullera hasta el Hospital de Lambar\u00e9 donde los m\u00e9dicos trataron de reanimarlo, pero finalmente no se pudo.<\/p>\n\n\n\n<p>Se\u00f1al\u00f3 adem\u00e1s que el informe forense confirma que el joven falleci\u00f3 por ahogamiento y no por el supuesto ataque de pira\u00f1as o de alg\u00fan pez.<\/p>\n\n\n\n<p>Asimismo mencion\u00f3 que en la zona de la ribera del R\u00edo Paraguay est\u00e1 prohibido para su uso como balneario por disposici\u00f3n municipal, pero de igual manera las personas llegan hasta ese lugar para ba\u00f1arse.<\/p>\n","protected":false},"excerpt":{"rendered":"<p>Este domingo a la tarde se report\u00f3 la desaparici\u00f3n de un joven en aguas del&#8230;<\/p>\n","protected":false},"author":1,"featured_media":611,"comment_status":"open","ping_status":"closed","sticky":false,"template":"","format":"standard","meta":{"footnotes":""},"categories":[20],"tags":[],"class_list":["post-609","post","type-post","status-publish","format-standard","has-post-thumbnail","hentry","category-nacionales"],"featured_image_urls":{"full":["https:\/\/radioparquecde.com\/wp-content\/uploads\/2022\/01\/478.jpg",378,405,false],"thumbnail":["https:\/\/radioparquecde.com\/wp-content\/uploads\/2022\/01\/478-150x150.jpg",150,150,true],"medium":["https:\/\/radioparquecde.com\/wp-content\/uploads\/2022\/01\/478-280x300.jpg",280,300,true],"medium_large":["https:\/\/radioparquecde.com\/wp-content\/uploads\/2022\/01\/478.jpg",378,405,false],"large":["https:\/\/radioparquecde.com\/wp-content\/uploads\/2022\/01\/478.jpg",378,405,false],"1536x1536":["https:\/\/radioparquecde.com\/wp-content\/uploads\/2022\/01\/478.jpg",378,405,false],"2048x2048":["https:\/\/radioparquecde.com\/wp-content\/uploads\/2022\/01\/478.jpg",378,405,false],"newsphere-slider-full":["https:\/\/radioparquecde.com\/wp-content\/uploads\/2022\/01\/478.jpg",378,405,false],"newsphere-featured":["https:\/\/radioparquecde.com\/wp-content\/uploads\/2022\/01\/478.jpg",378,405,false],"newsphere-medium":["https:\/\/radioparquecde.com\/wp-content\/uploads\/2022\/01\/478-378x380.jpg",378,380,true]},"author_info":{"display_name":"admin","author_link":"https:\/\/radioparquecde.com\/index.php\/author\/admin_av\/"},"category_info":"<a href=\"https:\/\/radioparquecde.com\/index.php\/category\/noticias\/nacionales\/\" rel=\"category tag\">Nacionales<\/a>","tag_info":"Nacionales","comment_count":"0","_links":{"self":[{"href":"https:\/\/radioparquecde.com\/index.php\/wp-json\/wp\/v2\/posts\/609","targetHints":{"allow":["GET"]}}],"collection":[{"href":"https:\/\/radioparquecde.com\/index.php\/wp-json\/wp\/v2\/posts"}],"about":[{"href":"https:\/\/radioparquecde.com\/index.php\/wp-json\/wp\/v2\/types\/post"}],"author":[{"embeddable":true,"href":"https:\/\/radioparquecde.com\/index.php\/wp-json\/wp\/v2\/users\/1"}],"replies":[{"embeddable":true,"href":"https:\/\/radioparquecde.com\/index.php\/wp-json\/wp\/v2\/comments?post=609"}],"version-history":[{"count":1,"href":"https:\/\/radioparquecde.com\/index.php\/wp-json\/wp\/v2\/posts\/609\/revisions"}],"predecessor-version":[{"id":612,"href":"https:\/\/radioparquecde.com\/index.php\/wp-json\/wp\/v2\/posts\/609\/revisions\/612"}],"wp:featuredmedia":[{"embeddable":true,"href":"https:\/\/radioparquecde.com\/index.php\/wp-json\/wp\/v2\/media\/611"}],"wp:attachment":[{"href":"https:\/\/radioparquecde.com\/index.php\/wp-json\/wp\/v2\/media?parent=609"}],"wp:term":[{"taxonomy":"category","embeddable":true,"href":"https:\/\/radioparquecde.com\/index.php\/wp-json\/wp\/v2\/categories?post=609"},{"taxonomy":"post_tag","embeddable":true,"href":"https:\/\/radioparquecde.com\/index.php\/wp-json\/wp\/v2\/tags?post=609"}],"curies":[{"name":"wp","href":"https:\/\/api.w.org\/{rel}","templated":true}]}}