{"id":6144,"date":"2022-11-03T08:58:51","date_gmt":"2022-11-03T11:58:51","guid":{"rendered":"https:\/\/radioparquecde.com\/?p=6144"},"modified":"2022-11-03T08:58:52","modified_gmt":"2022-11-03T11:58:52","slug":"manifestacion-en-brasil-afecta-al-comercio-de-ciudad-del-este","status":"publish","type":"post","link":"https:\/\/radioparquecde.com\/index.php\/2022\/11\/03\/manifestacion-en-brasil-afecta-al-comercio-de-ciudad-del-este\/","title":{"rendered":"Manifestaci\u00f3n en Brasil afecta al comercio de Ciudad del Este"},"content":{"rendered":"\n<p>El comercio de Ciudad del Este sufre las consecuencias de la manifestaci\u00f3n de camioneros y otros sectores en Brasil. Seg\u00fan el reporte, la actividad se redujo considerablemente en los \u00faltimos tres d\u00edas debido al bloqueo de rutas en el vecino pa\u00eds. Los seguidores del actual presidente Jair Bolsonaro salieron a las calles en rechazo al resultado de las elecciones del domingo pasado, en las que gan\u00f3 Luiz In\u00e1cio \u201cLula\u201d da Silva.<\/p>\n\n\n\n<figure class=\"wp-block-image size-large\"><img loading=\"lazy\" decoding=\"async\" width=\"1024\" height=\"577\" src=\"https:\/\/radioparquecde.com\/wp-content\/uploads\/2022\/11\/PAG-7-A-1-1-1024x577.jpeg\" alt=\"\" class=\"wp-image-6146\" srcset=\"https:\/\/radioparquecde.com\/wp-content\/uploads\/2022\/11\/PAG-7-A-1-1-1024x577.jpeg 1024w, https:\/\/radioparquecde.com\/wp-content\/uploads\/2022\/11\/PAG-7-A-1-1-300x169.jpeg 300w, https:\/\/radioparquecde.com\/wp-content\/uploads\/2022\/11\/PAG-7-A-1-1-768x432.jpeg 768w, https:\/\/radioparquecde.com\/wp-content\/uploads\/2022\/11\/PAG-7-A-1-1-1536x865.jpeg 1536w, https:\/\/radioparquecde.com\/wp-content\/uploads\/2022\/11\/PAG-7-A-1-1-1280x720.jpeg 1280w, https:\/\/radioparquecde.com\/wp-content\/uploads\/2022\/11\/PAG-7-A-1-1.jpeg 1600w\" sizes=\"auto, (max-width: 1024px) 100vw, 1024px\" \/><\/figure>\n\n\n\n<p>La manifestaci\u00f3n, iniciada el lunes \u00faltimo, genera un impacto negativo econ\u00f3micamente porque los extranjeros dejaron de venir a la capital departamental. Ayer, en el Estado de Paran\u00e1, se registraron nueve puntos de bloqueo de rutas, paralizando la circulaci\u00f3n de personas. Como consecuencia de las movilizaciones, el Puente de la Amistad, entre Ciudad del Este y Foz de Yguaz\u00fa, estaba casi vac\u00edo, un escenario que no se registraba desde el cierre de fronteras, ocurrido entre marzo y octubre del 2020.<\/p>\n\n\n\n<p>Los vendedores de la v\u00eda p\u00fablica explicaron que sus ventas se redujeron en un 90% porque no llegaron los compristas. \u201cLa manifestaci\u00f3n en Brasil nos perjudica bastante porque los brasile\u00f1os no pueden venir. Es m\u00e1s, ayer fue feriado en el vecino pa\u00eds y siempre ven\u00edan m\u00e1s turistas en esta fecha. Sin embargo, somos conscientes de la crisis regional\u201d, expres\u00f3 V\u00edctor L\u00f3pez, representante de los mesiteros y se\u00f1al\u00f3 que el sector est\u00e1 muy expectante a lo que pueda pasar con el nuevo Gobierno.<\/p>\n\n\n\n<p>Record\u00f3 que el turismo de compras se est\u00e1 recuperando de la crisis generada por la pandemia. \u201cDespu\u00e9s de la gran crisis del Covid-19, el comercio este\u00f1o est\u00e1 paulatinamente creciendo, empezamos otra vez a vender, ahora alcanzamos un 20% en general. Sabemos que Brasil y Argentina tienen sus propios problemas y eso repercute siempre en esta parte de la frontera porque nuestros principales clientes son los ciudadanos de los pa\u00edses vecinos\u201d, refiri\u00f3 L\u00f3pez.<\/p>\n\n\n\n<p>BLACK FRIDAY<\/p>\n\n\n\n<p>El mayor evento comercial de la triple frontera est\u00e1 previsto del 11 al 15 de noviembre del 2022. Los organizadores esperan recibir a unos 150.000 visitantes durante los cinco d\u00edas de feria.<\/p>\n\n\n\n<p>La realizaci\u00f3n del evento involucra al sector p\u00fablico y privado para la previsi\u00f3n de servicios, seguridad, protocolo sanitario, planificaci\u00f3n vial y log\u00edstica. En ese sentido, desde la Municipalidad confirmaron que varias dependencias instalar\u00e1n oficinas m\u00f3viles en diferentes puntos del microcentro.<\/p>\n\n\n\n<p>En tanto, la Secretar\u00eda Nacional de Turismo (Senatur) prepara la campa\u00f1a del Buen Anfitri\u00f3n en la zona primaria del Puente de la Amistad. Los visitantes ser\u00e1n recibidos con comidas t\u00edpicas y shows art\u00edsticos.<\/p>\n","protected":false},"excerpt":{"rendered":"<p>El comercio de Ciudad del Este sufre las consecuencias de la manifestaci\u00f3n de camioneros y&#8230;<\/p>\n","protected":false},"author":3,"featured_media":6147,"comment_status":"closed","ping_status":"closed","sticky":false,"template":"","format":"standard","meta":{"footnotes":""},"categories":[5,6],"tags":[],"class_list":["post-6144","post","type-post","status-publish","format-standard","has-post-thumbnail","hentry","category-economia","category-noticias"],"featured_image_urls":{"full":["https:\/\/radioparquecde.com\/wp-content\/uploads\/2022\/11\/PAG-7-A-1-1-1.jpeg",1600,901,false],"thumbnail":["https:\/\/radioparquecde.com\/wp-content\/uploads\/2022\/11\/PAG-7-A-1-1-1-150x150.jpeg",150,150,true],"medium":["https:\/\/radioparquecde.com\/wp-content\/uploads\/2022\/11\/PAG-7-A-1-1-1-300x169.jpeg",300,169,true],"medium_large":["https:\/\/radioparquecde.com\/wp-content\/uploads\/2022\/11\/PAG-7-A-1-1-1-768x432.jpeg",640,360,true],"large":["https:\/\/radioparquecde.com\/wp-content\/uploads\/2022\/11\/PAG-7-A-1-1-1-1024x577.jpeg",640,361,true],"1536x1536":["https:\/\/radioparquecde.com\/wp-content\/uploads\/2022\/11\/PAG-7-A-1-1-1-1536x865.jpeg",1536,865,true],"2048x2048":["https:\/\/radioparquecde.com\/wp-content\/uploads\/2022\/11\/PAG-7-A-1-1-1.jpeg",1600,901,false],"newsphere-slider-full":["https:\/\/radioparquecde.com\/wp-content\/uploads\/2022\/11\/PAG-7-A-1-1-1-1280x720.jpeg",1280,720,true],"newsphere-featured":["https:\/\/radioparquecde.com\/wp-content\/uploads\/2022\/11\/PAG-7-A-1-1-1-1024x577.jpeg",1024,577,true],"newsphere-medium":["https:\/\/radioparquecde.com\/wp-content\/uploads\/2022\/11\/PAG-7-A-1-1-1-720x380.jpeg",720,380,true]},"author_info":{"display_name":"Editor","author_link":"https:\/\/radioparquecde.com\/index.php\/author\/editor\/"},"category_info":"<a href=\"https:\/\/radioparquecde.com\/index.php\/category\/noticias\/economia\/\" rel=\"category tag\">Econom\u00eda<\/a> <a href=\"https:\/\/radioparquecde.com\/index.php\/category\/noticias\/\" rel=\"category tag\">Noticias<\/a>","tag_info":"Noticias","comment_count":"0","_links":{"self":[{"href":"https:\/\/radioparquecde.com\/index.php\/wp-json\/wp\/v2\/posts\/6144","targetHints":{"allow":["GET"]}}],"collection":[{"href":"https:\/\/radioparquecde.com\/index.php\/wp-json\/wp\/v2\/posts"}],"about":[{"href":"https:\/\/radioparquecde.com\/index.php\/wp-json\/wp\/v2\/types\/post"}],"author":[{"embeddable":true,"href":"https:\/\/radioparquecde.com\/index.php\/wp-json\/wp\/v2\/users\/3"}],"replies":[{"embeddable":true,"href":"https:\/\/radioparquecde.com\/index.php\/wp-json\/wp\/v2\/comments?post=6144"}],"version-history":[{"count":1,"href":"https:\/\/radioparquecde.com\/index.php\/wp-json\/wp\/v2\/posts\/6144\/revisions"}],"predecessor-version":[{"id":6148,"href":"https:\/\/radioparquecde.com\/index.php\/wp-json\/wp\/v2\/posts\/6144\/revisions\/6148"}],"wp:featuredmedia":[{"embeddable":true,"href":"https:\/\/radioparquecde.com\/index.php\/wp-json\/wp\/v2\/media\/6147"}],"wp:attachment":[{"href":"https:\/\/radioparquecde.com\/index.php\/wp-json\/wp\/v2\/media?parent=6144"}],"wp:term":[{"taxonomy":"category","embeddable":true,"href":"https:\/\/radioparquecde.com\/index.php\/wp-json\/wp\/v2\/categories?post=6144"},{"taxonomy":"post_tag","embeddable":true,"href":"https:\/\/radioparquecde.com\/index.php\/wp-json\/wp\/v2\/tags?post=6144"}],"curies":[{"name":"wp","href":"https:\/\/api.w.org\/{rel}","templated":true}]}}