{"id":6166,"date":"2022-11-03T17:51:57","date_gmt":"2022-11-03T20:51:57","guid":{"rendered":"https:\/\/radioparquecde.com\/?p=6166"},"modified":"2022-11-03T17:51:58","modified_gmt":"2022-11-03T20:51:58","slug":"foz-de-yguazu-prepara-grandes-eventos-por-fiestas-navidenas","status":"publish","type":"post","link":"https:\/\/radioparquecde.com\/index.php\/2022\/11\/03\/foz-de-yguazu-prepara-grandes-eventos-por-fiestas-navidenas\/","title":{"rendered":"Foz de Yguaz\u00fa prepara grandes eventos por fiestas navide\u00f1as"},"content":{"rendered":"\n<p>La vecina ciudad de Foz de Yguaz\u00fa (Brasil) de nuevo prepara una serie de eventos por las fiestas navide\u00f1as y de fin de a\u00f1o con el respaldo econ\u00f3mico de la Itaipu Binacional. El Gramad\u00e3o de la Vila A ser\u00e1 de nuevo el escenario que convocar\u00e1 al p\u00fablico de las Tres Fronteras desde el 3 de diciembre hasta el 5 de enero del 2023. Todas las atracciones ser\u00e1n gratuitas y abiertas al p\u00fablico.<\/p>\n\n\n\n<p>La apertura oficial est\u00e1 marcada para el 3 de diciembre, a partir de las 20:00. Se prepara la llegada del Papa Noel, seguida de un gran espect\u00e1culo de luz y la presentaci\u00f3n del cuadro musical denominado \u201cYo creo en la Navidad\u201d. El evento llevar\u00e1 al escenario a una orquesta, cinco actores y cantantes, dos acr\u00f3batas y 16 bailarines, juntos contar\u00e1n una historia sobre la magia de la Navidad.<\/p>\n\n\n\n<p>El coro de la Itaip\u00fa Binacional tambi\u00e9n participar\u00e1 de la presentaci\u00f3n, dando m\u00e1s brillo a las presentaciones. Los que se pierden la apertura, podr\u00e1n ver lo mismo al d\u00eda siguiente 4 de diciembre, en el mismo horario.<\/p>\n\n\n\n<figure class=\"wp-block-image size-full\"><img loading=\"lazy\" decoding=\"async\" width=\"870\" height=\"498\" src=\"https:\/\/radioparquecde.com\/wp-content\/uploads\/2022\/11\/PAG-5-B-2.jpg\" alt=\"\" class=\"wp-image-6168\" srcset=\"https:\/\/radioparquecde.com\/wp-content\/uploads\/2022\/11\/PAG-5-B-2.jpg 870w, https:\/\/radioparquecde.com\/wp-content\/uploads\/2022\/11\/PAG-5-B-2-300x172.jpg 300w, https:\/\/radioparquecde.com\/wp-content\/uploads\/2022\/11\/PAG-5-B-2-768x440.jpg 768w\" sizes=\"auto, (max-width: 870px) 100vw, 870px\" \/><\/figure>\n\n\n\n<p>Otra atracci\u00f3n ser\u00e1 presentada por Felchak Producciones y Eventos, de Guarapuava, que vuelve a la frontera prometiendo un espect\u00e1culo de Navidad nunca antes visto en Foz, los d\u00edas 17 y 18 de diciembre a partir de las 20:00 horas. Ser\u00e1n montados cinco palcos distribuidos en el Gramad\u00e3o, donde 120 artistas van a interactuar en escenarios diferentes exclusivamente preparados para generar un ambiente encantado.<\/p>\n\n\n\n<p>Adem\u00e1s de los eventos art\u00edsticos, durante todo el mes de diciembre las familias podr\u00e1n visitar la Casa de Papa Noel, en la Villa Navidad que tendr\u00e1 una cesta gigante para juntar juguetes. Todos los visitantes ser\u00e1n recibidos por artistas de circo vestidos con ropas t\u00edpicas de Navidad y van a interactuar con las personas, prometiendo mucha alegr\u00eda, principalmente a las criaturas.<\/p>\n","protected":false},"excerpt":{"rendered":"<p>La vecina ciudad de Foz de Yguaz\u00fa (Brasil) de nuevo prepara una serie de eventos&#8230;<\/p>\n","protected":false},"author":3,"featured_media":6169,"comment_status":"closed","ping_status":"closed","sticky":false,"template":"","format":"standard","meta":{"footnotes":""},"categories":[2,6],"tags":[],"class_list":["post-6166","post","type-post","status-publish","format-standard","has-post-thumbnail","hentry","category-destacadas","category-noticias"],"featured_image_urls":{"full":["https:\/\/radioparquecde.com\/wp-content\/uploads\/2022\/11\/PAG-5-B-2-1.jpg",870,498,false],"thumbnail":["https:\/\/radioparquecde.com\/wp-content\/uploads\/2022\/11\/PAG-5-B-2-1-150x150.jpg",150,150,true],"medium":["https:\/\/radioparquecde.com\/wp-content\/uploads\/2022\/11\/PAG-5-B-2-1-300x172.jpg",300,172,true],"medium_large":["https:\/\/radioparquecde.com\/wp-content\/uploads\/2022\/11\/PAG-5-B-2-1-768x440.jpg",640,367,true],"large":["https:\/\/radioparquecde.com\/wp-content\/uploads\/2022\/11\/PAG-5-B-2-1.jpg",640,366,false],"1536x1536":["https:\/\/radioparquecde.com\/wp-content\/uploads\/2022\/11\/PAG-5-B-2-1.jpg",870,498,false],"2048x2048":["https:\/\/radioparquecde.com\/wp-content\/uploads\/2022\/11\/PAG-5-B-2-1.jpg",870,498,false],"newsphere-slider-full":["https:\/\/radioparquecde.com\/wp-content\/uploads\/2022\/11\/PAG-5-B-2-1.jpg",870,498,false],"newsphere-featured":["https:\/\/radioparquecde.com\/wp-content\/uploads\/2022\/11\/PAG-5-B-2-1.jpg",870,498,false],"newsphere-medium":["https:\/\/radioparquecde.com\/wp-content\/uploads\/2022\/11\/PAG-5-B-2-1-720x380.jpg",720,380,true]},"author_info":{"display_name":"Editor","author_link":"https:\/\/radioparquecde.com\/index.php\/author\/editor\/"},"category_info":"<a href=\"https:\/\/radioparquecde.com\/index.php\/category\/noticias\/destacadas\/\" rel=\"category tag\">Destacadas<\/a> <a href=\"https:\/\/radioparquecde.com\/index.php\/category\/noticias\/\" rel=\"category tag\">Noticias<\/a>","tag_info":"Noticias","comment_count":"0","_links":{"self":[{"href":"https:\/\/radioparquecde.com\/index.php\/wp-json\/wp\/v2\/posts\/6166","targetHints":{"allow":["GET"]}}],"collection":[{"href":"https:\/\/radioparquecde.com\/index.php\/wp-json\/wp\/v2\/posts"}],"about":[{"href":"https:\/\/radioparquecde.com\/index.php\/wp-json\/wp\/v2\/types\/post"}],"author":[{"embeddable":true,"href":"https:\/\/radioparquecde.com\/index.php\/wp-json\/wp\/v2\/users\/3"}],"replies":[{"embeddable":true,"href":"https:\/\/radioparquecde.com\/index.php\/wp-json\/wp\/v2\/comments?post=6166"}],"version-history":[{"count":1,"href":"https:\/\/radioparquecde.com\/index.php\/wp-json\/wp\/v2\/posts\/6166\/revisions"}],"predecessor-version":[{"id":6170,"href":"https:\/\/radioparquecde.com\/index.php\/wp-json\/wp\/v2\/posts\/6166\/revisions\/6170"}],"wp:featuredmedia":[{"embeddable":true,"href":"https:\/\/radioparquecde.com\/index.php\/wp-json\/wp\/v2\/media\/6169"}],"wp:attachment":[{"href":"https:\/\/radioparquecde.com\/index.php\/wp-json\/wp\/v2\/media?parent=6166"}],"wp:term":[{"taxonomy":"category","embeddable":true,"href":"https:\/\/radioparquecde.com\/index.php\/wp-json\/wp\/v2\/categories?post=6166"},{"taxonomy":"post_tag","embeddable":true,"href":"https:\/\/radioparquecde.com\/index.php\/wp-json\/wp\/v2\/tags?post=6166"}],"curies":[{"name":"wp","href":"https:\/\/api.w.org\/{rel}","templated":true}]}}