{"id":6246,"date":"2022-11-08T14:51:02","date_gmt":"2022-11-08T17:51:02","guid":{"rendered":"https:\/\/radioparquecde.com\/?p=6246"},"modified":"2022-11-08T14:51:03","modified_gmt":"2022-11-08T17:51:03","slug":"capturaron-a-brasileno-que-mato-y-enterro-a-su-esposa-en-el-patio-de-la-casa","status":"publish","type":"post","link":"https:\/\/radioparquecde.com\/index.php\/2022\/11\/08\/capturaron-a-brasileno-que-mato-y-enterro-a-su-esposa-en-el-patio-de-la-casa\/","title":{"rendered":"Capturaron a brasile\u00f1o que mat\u00f3 y enterr\u00f3 a su esposa en el patio de la casa"},"content":{"rendered":"\n<p>El brasile\u00f1o Emiliano Edulfo Lopes Fernandes (52) fue preso esta ma\u00f1ana en el barrio 8 de Diciembre de San Alberto con base a una orden de captura por feminicidio, emitida en el 2021 por la justicia de su pa\u00eds.<\/p>\n\n\n\n<figure class=\"wp-block-image size-full\"><img loading=\"lazy\" decoding=\"async\" width=\"236\" height=\"422\" src=\"https:\/\/radioparquecde.com\/wp-content\/uploads\/2022\/11\/314958882_826961725293308_2541781772153664835_n.jpg\" alt=\"\" class=\"wp-image-6248\" srcset=\"https:\/\/radioparquecde.com\/wp-content\/uploads\/2022\/11\/314958882_826961725293308_2541781772153664835_n.jpg 236w, https:\/\/radioparquecde.com\/wp-content\/uploads\/2022\/11\/314958882_826961725293308_2541781772153664835_n-168x300.jpg 168w\" sizes=\"auto, (max-width: 236px) 100vw, 236px\" \/><\/figure>\n\n\n\n<p>Emiliano&nbsp; fue abordado por polic\u00edas cuando circulaba en un Toyota Duet y para tratar de burlar el control present\u00f3 una c\u00e9dula de identidad falsa.<\/p>\n\n\n\n<p>Seg\u00fan los datos, en mayo de 2021 el hombre asesin\u00f3 a su esposa Felipa Moreno Ojeda (34) y la enterr\u00f3 en el patio de su casa, en la ciudad de Ponta Por\u00e3. El cad\u00e1ver de la mujer fue hallado reci\u00e9n tres meses despu\u00e9s.<\/p>\n\n\n\n<p>En la \u00e9poca la v\u00edctima denunci\u00f3 cinco veces ante la polic\u00eda brasile\u00f1a que recib\u00eda amenazas de muerte por parte de Emiliano, pero no le hicieron mucho caso.<\/p>\n","protected":false},"excerpt":{"rendered":"<p>El brasile\u00f1o Emiliano Edulfo Lopes Fernandes (52) fue preso esta ma\u00f1ana en el barrio 8&#8230;<\/p>\n","protected":false},"author":3,"featured_media":6249,"comment_status":"closed","ping_status":"closed","sticky":false,"template":"","format":"standard","meta":{"footnotes":""},"categories":[2,6],"tags":[],"class_list":["post-6246","post","type-post","status-publish","format-standard","has-post-thumbnail","hentry","category-destacadas","category-noticias"],"featured_image_urls":{"full":["https:\/\/radioparquecde.com\/wp-content\/uploads\/2022\/11\/314958882_826961725293308_2541781772153664835_n-1.jpg",236,422,false],"thumbnail":["https:\/\/radioparquecde.com\/wp-content\/uploads\/2022\/11\/314958882_826961725293308_2541781772153664835_n-1-150x150.jpg",150,150,true],"medium":["https:\/\/radioparquecde.com\/wp-content\/uploads\/2022\/11\/314958882_826961725293308_2541781772153664835_n-1-168x300.jpg",168,300,true],"medium_large":["https:\/\/radioparquecde.com\/wp-content\/uploads\/2022\/11\/314958882_826961725293308_2541781772153664835_n-1.jpg",236,422,false],"large":["https:\/\/radioparquecde.com\/wp-content\/uploads\/2022\/11\/314958882_826961725293308_2541781772153664835_n-1.jpg",236,422,false],"1536x1536":["https:\/\/radioparquecde.com\/wp-content\/uploads\/2022\/11\/314958882_826961725293308_2541781772153664835_n-1.jpg",236,422,false],"2048x2048":["https:\/\/radioparquecde.com\/wp-content\/uploads\/2022\/11\/314958882_826961725293308_2541781772153664835_n-1.jpg",236,422,false],"newsphere-slider-full":["https:\/\/radioparquecde.com\/wp-content\/uploads\/2022\/11\/314958882_826961725293308_2541781772153664835_n-1.jpg",236,422,false],"newsphere-featured":["https:\/\/radioparquecde.com\/wp-content\/uploads\/2022\/11\/314958882_826961725293308_2541781772153664835_n-1.jpg",236,422,false],"newsphere-medium":["https:\/\/radioparquecde.com\/wp-content\/uploads\/2022\/11\/314958882_826961725293308_2541781772153664835_n-1-236x380.jpg",236,380,true]},"author_info":{"display_name":"Editor","author_link":"https:\/\/radioparquecde.com\/index.php\/author\/editor\/"},"category_info":"<a href=\"https:\/\/radioparquecde.com\/index.php\/category\/noticias\/destacadas\/\" rel=\"category tag\">Destacadas<\/a> <a href=\"https:\/\/radioparquecde.com\/index.php\/category\/noticias\/\" rel=\"category tag\">Noticias<\/a>","tag_info":"Noticias","comment_count":"0","_links":{"self":[{"href":"https:\/\/radioparquecde.com\/index.php\/wp-json\/wp\/v2\/posts\/6246","targetHints":{"allow":["GET"]}}],"collection":[{"href":"https:\/\/radioparquecde.com\/index.php\/wp-json\/wp\/v2\/posts"}],"about":[{"href":"https:\/\/radioparquecde.com\/index.php\/wp-json\/wp\/v2\/types\/post"}],"author":[{"embeddable":true,"href":"https:\/\/radioparquecde.com\/index.php\/wp-json\/wp\/v2\/users\/3"}],"replies":[{"embeddable":true,"href":"https:\/\/radioparquecde.com\/index.php\/wp-json\/wp\/v2\/comments?post=6246"}],"version-history":[{"count":1,"href":"https:\/\/radioparquecde.com\/index.php\/wp-json\/wp\/v2\/posts\/6246\/revisions"}],"predecessor-version":[{"id":6250,"href":"https:\/\/radioparquecde.com\/index.php\/wp-json\/wp\/v2\/posts\/6246\/revisions\/6250"}],"wp:featuredmedia":[{"embeddable":true,"href":"https:\/\/radioparquecde.com\/index.php\/wp-json\/wp\/v2\/media\/6249"}],"wp:attachment":[{"href":"https:\/\/radioparquecde.com\/index.php\/wp-json\/wp\/v2\/media?parent=6246"}],"wp:term":[{"taxonomy":"category","embeddable":true,"href":"https:\/\/radioparquecde.com\/index.php\/wp-json\/wp\/v2\/categories?post=6246"},{"taxonomy":"post_tag","embeddable":true,"href":"https:\/\/radioparquecde.com\/index.php\/wp-json\/wp\/v2\/tags?post=6246"}],"curies":[{"name":"wp","href":"https:\/\/api.w.org\/{rel}","templated":true}]}}