{"id":628,"date":"2022-01-03T20:30:04","date_gmt":"2022-01-03T20:30:04","guid":{"rendered":"https:\/\/radioparquecde.com\/web\/?p=628"},"modified":"2022-01-03T20:54:51","modified_gmt":"2022-01-03T20:54:51","slug":"fiscal-rescata-a-una-adolescente-que-se-encontraba-con-paradero-desconocido","status":"publish","type":"post","link":"https:\/\/radioparquecde.com\/index.php\/2022\/01\/03\/fiscal-rescata-a-una-adolescente-que-se-encontraba-con-paradero-desconocido\/","title":{"rendered":"Fiscal rescata a una adolescente que se encontraba con paradero desconocido."},"content":{"rendered":"\n<p>La agente fiscal Yennifer Marchuk, de la Unidad Penal N\u00b0 3 de la Fiscal\u00eda Zonal de Itaugua,se constituy\u00f3 en la ciudad de San Estanislao Departamento de San Pedro a fin de realizar el traslado de la menor P.M de 15 a\u00f1os de edad ,quien habr\u00eda desaparecido el pasado 9 de diciembre en horas de la ma\u00f1ana.<\/p>\n\n\n\n<!--more-->\n\n\n\n<figure class=\"wp-block-image size-full\"><img loading=\"lazy\" decoding=\"async\" width=\"800\" height=\"600\" src=\"https:\/\/radioparquecde.com\/web\/wp-content\/uploads\/2022\/01\/7904.jpg\" alt=\"\" class=\"wp-image-629\" srcset=\"https:\/\/radioparquecde.com\/wp-content\/uploads\/2022\/01\/7904.jpg 800w, https:\/\/radioparquecde.com\/wp-content\/uploads\/2022\/01\/7904-300x225.jpg 300w, https:\/\/radioparquecde.com\/wp-content\/uploads\/2022\/01\/7904-768x576.jpg 768w\" sizes=\"auto, (max-width: 800px) 100vw, 800px\" \/><\/figure>\n\n\n\n<p>La adolescente fue evaluada y recibi\u00f3 la contenci\u00f3n psicol\u00f3gica correspondiente, por su parte, la representante del Ministerio P\u00fablico har\u00e1 entrega de la misma a sus familiares.<br>El Ministerio P\u00fablico llev\u00f3 a cabo un trabajo en conjunto con personal del Departamento de Antisecuestro a cargo del Comisario Nimio Cardozo, a trav\u00e9s del cual se logr\u00f3 ubicar a la menor quien se encontraba en la Colonia Naranjito del Distrito General Isidro Resquin de San Pedro.<br>De acuerdo a los antecedentes, la denuncia fue presentada por la hermana de la menor, quien manifest\u00f3 que la misma habr\u00eda salido de la vivienda ubicada en la Compa\u00f1\u00eda Potrero Guaz\u00fa de la ciudad de Itaugua,a las 05:00 horas y desde ese entonces no habr\u00eda regresado.<\/p>\n","protected":false},"excerpt":{"rendered":"<p>La agente fiscal Yennifer Marchuk, de la Unidad Penal N\u00b0 3 de la Fiscal\u00eda Zonal&#8230;<\/p>\n","protected":false},"author":1,"featured_media":629,"comment_status":"open","ping_status":"closed","sticky":false,"template":"","format":"standard","meta":{"footnotes":""},"categories":[20],"tags":[],"class_list":["post-628","post","type-post","status-publish","format-standard","has-post-thumbnail","hentry","category-nacionales"],"featured_image_urls":{"full":["https:\/\/radioparquecde.com\/wp-content\/uploads\/2022\/01\/7904.jpg",800,600,false],"thumbnail":["https:\/\/radioparquecde.com\/wp-content\/uploads\/2022\/01\/7904-150x150.jpg",150,150,true],"medium":["https:\/\/radioparquecde.com\/wp-content\/uploads\/2022\/01\/7904-300x225.jpg",300,225,true],"medium_large":["https:\/\/radioparquecde.com\/wp-content\/uploads\/2022\/01\/7904-768x576.jpg",640,480,true],"large":["https:\/\/radioparquecde.com\/wp-content\/uploads\/2022\/01\/7904.jpg",640,480,false],"1536x1536":["https:\/\/radioparquecde.com\/wp-content\/uploads\/2022\/01\/7904.jpg",800,600,false],"2048x2048":["https:\/\/radioparquecde.com\/wp-content\/uploads\/2022\/01\/7904.jpg",800,600,false],"newsphere-slider-full":["https:\/\/radioparquecde.com\/wp-content\/uploads\/2022\/01\/7904.jpg",800,600,false],"newsphere-featured":["https:\/\/radioparquecde.com\/wp-content\/uploads\/2022\/01\/7904.jpg",800,600,false],"newsphere-medium":["https:\/\/radioparquecde.com\/wp-content\/uploads\/2022\/01\/7904-720x380.jpg",720,380,true]},"author_info":{"display_name":"admin","author_link":"https:\/\/radioparquecde.com\/index.php\/author\/admin_av\/"},"category_info":"<a href=\"https:\/\/radioparquecde.com\/index.php\/category\/noticias\/nacionales\/\" rel=\"category tag\">Nacionales<\/a>","tag_info":"Nacionales","comment_count":"0","_links":{"self":[{"href":"https:\/\/radioparquecde.com\/index.php\/wp-json\/wp\/v2\/posts\/628","targetHints":{"allow":["GET"]}}],"collection":[{"href":"https:\/\/radioparquecde.com\/index.php\/wp-json\/wp\/v2\/posts"}],"about":[{"href":"https:\/\/radioparquecde.com\/index.php\/wp-json\/wp\/v2\/types\/post"}],"author":[{"embeddable":true,"href":"https:\/\/radioparquecde.com\/index.php\/wp-json\/wp\/v2\/users\/1"}],"replies":[{"embeddable":true,"href":"https:\/\/radioparquecde.com\/index.php\/wp-json\/wp\/v2\/comments?post=628"}],"version-history":[{"count":1,"href":"https:\/\/radioparquecde.com\/index.php\/wp-json\/wp\/v2\/posts\/628\/revisions"}],"predecessor-version":[{"id":630,"href":"https:\/\/radioparquecde.com\/index.php\/wp-json\/wp\/v2\/posts\/628\/revisions\/630"}],"wp:featuredmedia":[{"embeddable":true,"href":"https:\/\/radioparquecde.com\/index.php\/wp-json\/wp\/v2\/media\/629"}],"wp:attachment":[{"href":"https:\/\/radioparquecde.com\/index.php\/wp-json\/wp\/v2\/media?parent=628"}],"wp:term":[{"taxonomy":"category","embeddable":true,"href":"https:\/\/radioparquecde.com\/index.php\/wp-json\/wp\/v2\/categories?post=628"},{"taxonomy":"post_tag","embeddable":true,"href":"https:\/\/radioparquecde.com\/index.php\/wp-json\/wp\/v2\/tags?post=628"}],"curies":[{"name":"wp","href":"https:\/\/api.w.org\/{rel}","templated":true}]}}