{"id":6411,"date":"2022-11-16T15:43:18","date_gmt":"2022-11-16T18:43:18","guid":{"rendered":"https:\/\/radioparquecde.com\/?p=6411"},"modified":"2022-11-16T15:43:19","modified_gmt":"2022-11-16T18:43:19","slug":"recuerdan-al-valor-natural-y-cultural-de-elementos-historicos-de-mallorquin","status":"publish","type":"post","link":"https:\/\/radioparquecde.com\/index.php\/2022\/11\/16\/recuerdan-al-valor-natural-y-cultural-de-elementos-historicos-de-mallorquin\/","title":{"rendered":"Recuerdan al valor natural y cultural de elementos hist\u00f3ricos de Mallorqu\u00edn"},"content":{"rendered":"\n<p>Por resoluci\u00f3n n\u00b0 167\/2022, la Junta Municipal de Juan Le\u00f3n Mallorqu\u00edn aprob\u00f3 la actualizaci\u00f3n de la resoluci\u00f3n n\u00ba 182\/2011 con relaci\u00f3n a la declaraci\u00f3n de Valor Natural y Cultural el Tajy Ka\u2019arendy, las campanas del templo Sagrado Coraz\u00f3n de Jes\u00fas y el edificio de la Casa de la Cultura, dejando como patrimonio Hist\u00f3rico y Cultural del municipio.<\/p>\n\n\n\n<figure class=\"wp-block-image size-large\"><img loading=\"lazy\" decoding=\"async\" width=\"1024\" height=\"537\" src=\"https:\/\/radioparquecde.com\/wp-content\/uploads\/2022\/11\/PAG-3-C-4-1024x537.jpg\" alt=\"\" class=\"wp-image-6413\" srcset=\"https:\/\/radioparquecde.com\/wp-content\/uploads\/2022\/11\/PAG-3-C-4-1024x537.jpg 1024w, https:\/\/radioparquecde.com\/wp-content\/uploads\/2022\/11\/PAG-3-C-4-300x157.jpg 300w, https:\/\/radioparquecde.com\/wp-content\/uploads\/2022\/11\/PAG-3-C-4-768x403.jpg 768w, https:\/\/radioparquecde.com\/wp-content\/uploads\/2022\/11\/PAG-3-C-4-1536x806.jpg 1536w, https:\/\/radioparquecde.com\/wp-content\/uploads\/2022\/11\/PAG-3-C-4.jpg 2048w\" sizes=\"auto, (max-width: 1024px) 100vw, 1024px\" \/><\/figure>\n\n\n\n<p>La Ley 3966\/2010 \u2013 Org\u00e1nica Municipal habilita a las autoridades a la restauraci\u00f3n y preservaci\u00f3n del patrimonio cultural, hist\u00f3rico y sitios o lugares de valor ambiental y paisaj\u00edstico. Entre ellos, el tajy Ka\u2019arendy es uno de los m\u00e1s conocidos, tanto por los pobladores como la referencia en la ruta internacional para determinados destinos.<\/p>\n\n\n\n<p>Los mallorquinos aseguran que es motivo de admiraci\u00f3n de propios y extra\u00f1os por la historia y la envergadura del \u00e1rbol, probablemente el m\u00e1s a\u00f1ejo de toda la zona, y que se ha constituido naturalmente con el paso del tiempo en el s\u00edmbolo de la comunidad.<\/p>\n","protected":false},"excerpt":{"rendered":"<p>Por resoluci\u00f3n n\u00b0 167\/2022, la Junta Municipal de Juan Le\u00f3n Mallorqu\u00edn aprob\u00f3 la actualizaci\u00f3n de&#8230;<\/p>\n","protected":false},"author":3,"featured_media":6414,"comment_status":"closed","ping_status":"closed","sticky":false,"template":"","format":"standard","meta":{"footnotes":""},"categories":[48,6],"tags":[],"class_list":["post-6411","post","type-post","status-publish","format-standard","has-post-thumbnail","hentry","category-alto-parana","category-noticias"],"featured_image_urls":{"full":["https:\/\/radioparquecde.com\/wp-content\/uploads\/2022\/11\/PAG-3-C-4-1.jpg",2048,1074,false],"thumbnail":["https:\/\/radioparquecde.com\/wp-content\/uploads\/2022\/11\/PAG-3-C-4-1-150x150.jpg",150,150,true],"medium":["https:\/\/radioparquecde.com\/wp-content\/uploads\/2022\/11\/PAG-3-C-4-1-300x157.jpg",300,157,true],"medium_large":["https:\/\/radioparquecde.com\/wp-content\/uploads\/2022\/11\/PAG-3-C-4-1-768x403.jpg",640,336,true],"large":["https:\/\/radioparquecde.com\/wp-content\/uploads\/2022\/11\/PAG-3-C-4-1-1024x537.jpg",640,336,true],"1536x1536":["https:\/\/radioparquecde.com\/wp-content\/uploads\/2022\/11\/PAG-3-C-4-1-1536x806.jpg",1536,806,true],"2048x2048":["https:\/\/radioparquecde.com\/wp-content\/uploads\/2022\/11\/PAG-3-C-4-1.jpg",2048,1074,false],"newsphere-slider-full":["https:\/\/radioparquecde.com\/wp-content\/uploads\/2022\/11\/PAG-3-C-4-1-1280x720.jpg",1280,720,true],"newsphere-featured":["https:\/\/radioparquecde.com\/wp-content\/uploads\/2022\/11\/PAG-3-C-4-1-1024x537.jpg",1024,537,true],"newsphere-medium":["https:\/\/radioparquecde.com\/wp-content\/uploads\/2022\/11\/PAG-3-C-4-1-720x380.jpg",720,380,true]},"author_info":{"display_name":"Editor","author_link":"https:\/\/radioparquecde.com\/index.php\/author\/editor\/"},"category_info":"<a href=\"https:\/\/radioparquecde.com\/index.php\/category\/alto-parana\/\" rel=\"category tag\">ALTO PARAN\u00c1<\/a> <a href=\"https:\/\/radioparquecde.com\/index.php\/category\/noticias\/\" rel=\"category tag\">Noticias<\/a>","tag_info":"Noticias","comment_count":"0","_links":{"self":[{"href":"https:\/\/radioparquecde.com\/index.php\/wp-json\/wp\/v2\/posts\/6411","targetHints":{"allow":["GET"]}}],"collection":[{"href":"https:\/\/radioparquecde.com\/index.php\/wp-json\/wp\/v2\/posts"}],"about":[{"href":"https:\/\/radioparquecde.com\/index.php\/wp-json\/wp\/v2\/types\/post"}],"author":[{"embeddable":true,"href":"https:\/\/radioparquecde.com\/index.php\/wp-json\/wp\/v2\/users\/3"}],"replies":[{"embeddable":true,"href":"https:\/\/radioparquecde.com\/index.php\/wp-json\/wp\/v2\/comments?post=6411"}],"version-history":[{"count":1,"href":"https:\/\/radioparquecde.com\/index.php\/wp-json\/wp\/v2\/posts\/6411\/revisions"}],"predecessor-version":[{"id":6415,"href":"https:\/\/radioparquecde.com\/index.php\/wp-json\/wp\/v2\/posts\/6411\/revisions\/6415"}],"wp:featuredmedia":[{"embeddable":true,"href":"https:\/\/radioparquecde.com\/index.php\/wp-json\/wp\/v2\/media\/6414"}],"wp:attachment":[{"href":"https:\/\/radioparquecde.com\/index.php\/wp-json\/wp\/v2\/media?parent=6411"}],"wp:term":[{"taxonomy":"category","embeddable":true,"href":"https:\/\/radioparquecde.com\/index.php\/wp-json\/wp\/v2\/categories?post=6411"},{"taxonomy":"post_tag","embeddable":true,"href":"https:\/\/radioparquecde.com\/index.php\/wp-json\/wp\/v2\/tags?post=6411"}],"curies":[{"name":"wp","href":"https:\/\/api.w.org\/{rel}","templated":true}]}}