{"id":6421,"date":"2022-11-16T17:17:04","date_gmt":"2022-11-16T20:17:04","guid":{"rendered":"https:\/\/radioparquecde.com\/?p=6421"},"modified":"2022-11-16T17:17:05","modified_gmt":"2022-11-16T20:17:05","slug":"crimen-en-motel-piden-captura-internacional-de-presunto-asesino-de-adolescente","status":"publish","type":"post","link":"https:\/\/radioparquecde.com\/index.php\/2022\/11\/16\/crimen-en-motel-piden-captura-internacional-de-presunto-asesino-de-adolescente\/","title":{"rendered":"Crimen en motel: Piden captura internacional de presunto asesino de adolescente"},"content":{"rendered":"\n<p>En el marco de la causa 15.605\/22, la fiscal Carolina Rosa Gadea pidi\u00f3 al juez penal de garant\u00edas Carlos Vera Ruiz, decrete la captura internacional contra Leandro Alves Da Costa, de 33 a\u00f1os. El brasile\u00f1o ser\u00eda responsable del asesinato de una adolescente de 15 a\u00f1os, hecho ocurrido el 03 de noviembre en la habitaci\u00f3n 28 del Motel Cataratas de Ciudad del Este, entre las 10:00 y las 18:00, seg\u00fan diagn\u00f3stico emitido por la m\u00e9dica forense Raquel C\u00e1ceres.<\/p>\n\n\n\n<figure class=\"wp-block-image size-large\"><img loading=\"lazy\" decoding=\"async\" width=\"881\" height=\"1024\" src=\"https:\/\/radioparquecde.com\/wp-content\/uploads\/2022\/11\/PAG-13-A-F1-1-2-881x1024.jpg\" alt=\"\" class=\"wp-image-6423\" srcset=\"https:\/\/radioparquecde.com\/wp-content\/uploads\/2022\/11\/PAG-13-A-F1-1-2-881x1024.jpg 881w, https:\/\/radioparquecde.com\/wp-content\/uploads\/2022\/11\/PAG-13-A-F1-1-2-258x300.jpg 258w, https:\/\/radioparquecde.com\/wp-content\/uploads\/2022\/11\/PAG-13-A-F1-1-2-768x892.jpg 768w, https:\/\/radioparquecde.com\/wp-content\/uploads\/2022\/11\/PAG-13-A-F1-1-2-1024x1190.jpg 1024w, https:\/\/radioparquecde.com\/wp-content\/uploads\/2022\/11\/PAG-13-A-F1-1-2.jpg 1191w\" sizes=\"auto, (max-width: 881px) 100vw, 881px\" \/><\/figure>\n\n\n\n<p>Alves Da Costa cuenta con orden de captura a nivel nacional por este hecho de homicidio doloso, mientras en su foja de antecedentes en su pa\u00eds, tambi\u00e9n se lo busca por estupro, porte ilegal de armas y un caso de homicidio, acorde a los datos arrimados a la unidad penal a cargo de Gadea mediante la intervenci\u00f3n legal del fiscal de asuntos internacionales, Manuel Dold\u00e1n, con el concurso del Comando Tripartito.<\/p>\n\n\n\n<p>Su identificaci\u00f3n se confirm\u00f3 por las filmaciones de circuito cerrado del sistema de seguridad del motel, donde se produjo el criminal hecho, que seg\u00f3 la vida de la joven madre, quien dej\u00f3 un hijo de apenas un a\u00f1o de edad.<\/p>\n","protected":false},"excerpt":{"rendered":"<p>En el marco de la causa 15.605\/22, la fiscal Carolina Rosa Gadea pidi\u00f3 al juez&#8230;<\/p>\n","protected":false},"author":3,"featured_media":6424,"comment_status":"closed","ping_status":"closed","sticky":false,"template":"","format":"standard","meta":{"footnotes":""},"categories":[48,6],"tags":[],"class_list":["post-6421","post","type-post","status-publish","format-standard","has-post-thumbnail","hentry","category-alto-parana","category-noticias"],"featured_image_urls":{"full":["https:\/\/radioparquecde.com\/wp-content\/uploads\/2022\/11\/PAG-13-A-F1-1-3.jpg",1191,1384,false],"thumbnail":["https:\/\/radioparquecde.com\/wp-content\/uploads\/2022\/11\/PAG-13-A-F1-1-3-150x150.jpg",150,150,true],"medium":["https:\/\/radioparquecde.com\/wp-content\/uploads\/2022\/11\/PAG-13-A-F1-1-3-258x300.jpg",258,300,true],"medium_large":["https:\/\/radioparquecde.com\/wp-content\/uploads\/2022\/11\/PAG-13-A-F1-1-3-768x892.jpg",640,743,true],"large":["https:\/\/radioparquecde.com\/wp-content\/uploads\/2022\/11\/PAG-13-A-F1-1-3-881x1024.jpg",640,744,true],"1536x1536":["https:\/\/radioparquecde.com\/wp-content\/uploads\/2022\/11\/PAG-13-A-F1-1-3.jpg",1191,1384,false],"2048x2048":["https:\/\/radioparquecde.com\/wp-content\/uploads\/2022\/11\/PAG-13-A-F1-1-3.jpg",1191,1384,false],"newsphere-slider-full":["https:\/\/radioparquecde.com\/wp-content\/uploads\/2022\/11\/PAG-13-A-F1-1-3-1191x720.jpg",1191,720,true],"newsphere-featured":["https:\/\/radioparquecde.com\/wp-content\/uploads\/2022\/11\/PAG-13-A-F1-1-3-1024x1190.jpg",1024,1190,true],"newsphere-medium":["https:\/\/radioparquecde.com\/wp-content\/uploads\/2022\/11\/PAG-13-A-F1-1-3-720x380.jpg",720,380,true]},"author_info":{"display_name":"Editor","author_link":"https:\/\/radioparquecde.com\/index.php\/author\/editor\/"},"category_info":"<a href=\"https:\/\/radioparquecde.com\/index.php\/category\/alto-parana\/\" rel=\"category tag\">ALTO PARAN\u00c1<\/a> <a href=\"https:\/\/radioparquecde.com\/index.php\/category\/noticias\/\" rel=\"category tag\">Noticias<\/a>","tag_info":"Noticias","comment_count":"0","_links":{"self":[{"href":"https:\/\/radioparquecde.com\/index.php\/wp-json\/wp\/v2\/posts\/6421","targetHints":{"allow":["GET"]}}],"collection":[{"href":"https:\/\/radioparquecde.com\/index.php\/wp-json\/wp\/v2\/posts"}],"about":[{"href":"https:\/\/radioparquecde.com\/index.php\/wp-json\/wp\/v2\/types\/post"}],"author":[{"embeddable":true,"href":"https:\/\/radioparquecde.com\/index.php\/wp-json\/wp\/v2\/users\/3"}],"replies":[{"embeddable":true,"href":"https:\/\/radioparquecde.com\/index.php\/wp-json\/wp\/v2\/comments?post=6421"}],"version-history":[{"count":1,"href":"https:\/\/radioparquecde.com\/index.php\/wp-json\/wp\/v2\/posts\/6421\/revisions"}],"predecessor-version":[{"id":6425,"href":"https:\/\/radioparquecde.com\/index.php\/wp-json\/wp\/v2\/posts\/6421\/revisions\/6425"}],"wp:featuredmedia":[{"embeddable":true,"href":"https:\/\/radioparquecde.com\/index.php\/wp-json\/wp\/v2\/media\/6424"}],"wp:attachment":[{"href":"https:\/\/radioparquecde.com\/index.php\/wp-json\/wp\/v2\/media?parent=6421"}],"wp:term":[{"taxonomy":"category","embeddable":true,"href":"https:\/\/radioparquecde.com\/index.php\/wp-json\/wp\/v2\/categories?post=6421"},{"taxonomy":"post_tag","embeddable":true,"href":"https:\/\/radioparquecde.com\/index.php\/wp-json\/wp\/v2\/tags?post=6421"}],"curies":[{"name":"wp","href":"https:\/\/api.w.org\/{rel}","templated":true}]}}