{"id":6485,"date":"2022-11-21T08:20:35","date_gmt":"2022-11-21T11:20:35","guid":{"rendered":"https:\/\/radioparquecde.com\/?p=6485"},"modified":"2022-11-21T08:20:37","modified_gmt":"2022-11-21T11:20:37","slug":"gatillo-facil-en-cde-imputan-a-11-policias-que-habrian-matado-a-joven-y-baleado-a-su-pareja","status":"publish","type":"post","link":"https:\/\/radioparquecde.com\/index.php\/2022\/11\/21\/gatillo-facil-en-cde-imputan-a-11-policias-que-habrian-matado-a-joven-y-baleado-a-su-pareja\/","title":{"rendered":"Gatillo f\u00e1cil en CDE: Imputan a 11 polic\u00edas que habr\u00edan matado a joven y baleado a su pareja"},"content":{"rendered":"\n<p>La fiscal Olga Patricia Melgarejo, interina de la unidad penal de turno, present\u00f3 imputaci\u00f3n por homicidio doloso en contra de 11 polic\u00edas presumiblemente involucrados en la muerte de un joven automovilista durante una supuesta balacera, en la cual tambi\u00e9n result\u00f3 herida su acompa\u00f1ante y se encuentra hospitalizada en grave estado. El hecho ocurri\u00f3 el s\u00e1bado \u00faltimo en el km 12 Acaray de Ciudad del Este<\/p>\n\n\n\n<p>Los procesados son el comisario Hugo Regis Florent\u00edn (50), el subcomisario Manuel Ram\u00f3n Villalba G\u00f3mez (41) y el suboficial principal Richard Antonio Sebriano Silvero (45), todos integrantes de la Divisi\u00f3n de Investigaci\u00f3n de Delitos de Alto Paran\u00e1. Adem\u00e1s del oficial primero Roberto Samaniego Parquet (32) y los suboficiales C\u00e9sar Gonz\u00e1lez Ag\u00fcero (24), Javier Antonio Mart\u00ednez Ocampos (29), Alfredo Villalba Ag\u00fcero (26), Rub\u00e9n Dar\u00edo Gim\u00e9nez Maidana (41), Jaime Javier Ram\u00edrez Br\u00edtez (33), Alder Centuri\u00f3n C\u00e9spedes (35) y Pedro Osvaldo Br\u00edtez Achar (35), todos integrantes del Grupo Especial de Operaciones (GEO).<\/p>\n\n\n\n<p>De igual forma, mediante requerimiento fundado, la representante del Ministerio P\u00fablico solicit\u00f3 al Juzgado Penal de Garant\u00edas la prisi\u00f3n preventiva de todos los imputados, quienes se encuentran privados de libertad en la Direcci\u00f3n de Polic\u00eda del d\u00e9cimo departamento, a disposici\u00f3n de la Justicia.<\/p>\n\n\n\n<figure class=\"wp-block-image size-large\"><img loading=\"lazy\" decoding=\"async\" width=\"1024\" height=\"577\" src=\"https:\/\/radioparquecde.com\/wp-content\/uploads\/2022\/11\/TAPA-PRINCIPAL-2-1024x577.jpg\" alt=\"\" class=\"wp-image-6487\" srcset=\"https:\/\/radioparquecde.com\/wp-content\/uploads\/2022\/11\/TAPA-PRINCIPAL-2-1024x577.jpg 1024w, https:\/\/radioparquecde.com\/wp-content\/uploads\/2022\/11\/TAPA-PRINCIPAL-2-300x169.jpg 300w, https:\/\/radioparquecde.com\/wp-content\/uploads\/2022\/11\/TAPA-PRINCIPAL-2-768x433.jpg 768w, https:\/\/radioparquecde.com\/wp-content\/uploads\/2022\/11\/TAPA-PRINCIPAL-2-1536x865.jpg 1536w, https:\/\/radioparquecde.com\/wp-content\/uploads\/2022\/11\/TAPA-PRINCIPAL-2-1280x720.jpg 1280w, https:\/\/radioparquecde.com\/wp-content\/uploads\/2022\/11\/TAPA-PRINCIPAL-2.jpg 1575w\" sizes=\"auto, (max-width: 1024px) 100vw, 1024px\" \/><\/figure>\n\n\n\n<p>De acuerdo con los antecedentes, el hecho se produjo este s\u00e1bado 19 de noviembre, a las 21:40 horas aproximadamente, en la v\u00eda p\u00fablica del kil\u00f3metro 12 Acaray, a unos 6.500 metros de la Ruta PY02, de Ciudad del Este, resultando v\u00edctima fatal Alex Enrique Alejandro Ortiz Estigarribia y baleada Gloria Yetsica Esp\u00ednola C\u00e1ceres, quien se encuentra hospitalizada y tambi\u00e9n con peligro de perder la vida a causa de las m\u00faltiples heridas sufridas, conforme a datos oficiales.<\/p>\n\n\n\n<p>Seg\u00fan la investigaci\u00f3n, los agentes policiales habr\u00edan participado de un procedimiento, que culmin\u00f3 supuestamente en un enfrentamiento armado con civiles. En esas circunstancias, presuntamente fueron baleados los ocupantes del autom\u00f3vil Toyota Allion, de color azul, a\u00f1o 2002, con chapa AAIG 101, que estaba al mando de Ortiz Estigarribia, quien recibi\u00f3 varias heridas y falleci\u00f3 en el cuando era trasladado a un centro asistencial.<\/p>\n\n\n\n<p>En la oportunidad, los miembros de la fuerza p\u00fablica supuestamente buscaban a un ciudadano de nombre Carlos Cabrera Cabrera, quien tendr\u00eda orden de captura internacional con pedido de extradici\u00f3n por varios hechos punibles y quien habr\u00eda escapado del lugar.<\/p>\n\n\n\n<p>En prosecuci\u00f3n de la pesquisa, el Ministerio P\u00fablico colect\u00f3 varias evidencias relacionadas al hecho, como ser los proyectiles extra\u00eddos del cuerpo de la v\u00edctima fatal, tomas de muestras de manos de los involucrados e incautaci\u00f3n de armas de fuego y otras evidencias que fueron remitidas bajo cadena de custodia al laboratorio forense de la Fiscal\u00eda General del Estado para la realizaci\u00f3n de distintas pericias.<\/p>\n","protected":false},"excerpt":{"rendered":"<p>La fiscal Olga Patricia Melgarejo, interina de la unidad penal de turno, present\u00f3 imputaci\u00f3n por&#8230;<\/p>\n","protected":false},"author":3,"featured_media":6488,"comment_status":"closed","ping_status":"closed","sticky":false,"template":"","format":"standard","meta":{"footnotes":""},"categories":[48,6],"tags":[],"class_list":["post-6485","post","type-post","status-publish","format-standard","has-post-thumbnail","hentry","category-alto-parana","category-noticias"],"featured_image_urls":{"full":["https:\/\/radioparquecde.com\/wp-content\/uploads\/2022\/11\/TAPA-PRINCIPAL-2-1.jpg",1575,887,false],"thumbnail":["https:\/\/radioparquecde.com\/wp-content\/uploads\/2022\/11\/TAPA-PRINCIPAL-2-1-150x150.jpg",150,150,true],"medium":["https:\/\/radioparquecde.com\/wp-content\/uploads\/2022\/11\/TAPA-PRINCIPAL-2-1-300x169.jpg",300,169,true],"medium_large":["https:\/\/radioparquecde.com\/wp-content\/uploads\/2022\/11\/TAPA-PRINCIPAL-2-1-768x433.jpg",640,361,true],"large":["https:\/\/radioparquecde.com\/wp-content\/uploads\/2022\/11\/TAPA-PRINCIPAL-2-1-1024x577.jpg",640,361,true],"1536x1536":["https:\/\/radioparquecde.com\/wp-content\/uploads\/2022\/11\/TAPA-PRINCIPAL-2-1-1536x865.jpg",1536,865,true],"2048x2048":["https:\/\/radioparquecde.com\/wp-content\/uploads\/2022\/11\/TAPA-PRINCIPAL-2-1.jpg",1575,887,false],"newsphere-slider-full":["https:\/\/radioparquecde.com\/wp-content\/uploads\/2022\/11\/TAPA-PRINCIPAL-2-1-1280x720.jpg",1280,720,true],"newsphere-featured":["https:\/\/radioparquecde.com\/wp-content\/uploads\/2022\/11\/TAPA-PRINCIPAL-2-1-1024x577.jpg",1024,577,true],"newsphere-medium":["https:\/\/radioparquecde.com\/wp-content\/uploads\/2022\/11\/TAPA-PRINCIPAL-2-1-720x380.jpg",720,380,true]},"author_info":{"display_name":"Editor","author_link":"https:\/\/radioparquecde.com\/index.php\/author\/editor\/"},"category_info":"<a href=\"https:\/\/radioparquecde.com\/index.php\/category\/alto-parana\/\" rel=\"category tag\">ALTO PARAN\u00c1<\/a> <a href=\"https:\/\/radioparquecde.com\/index.php\/category\/noticias\/\" rel=\"category tag\">Noticias<\/a>","tag_info":"Noticias","comment_count":"0","_links":{"self":[{"href":"https:\/\/radioparquecde.com\/index.php\/wp-json\/wp\/v2\/posts\/6485","targetHints":{"allow":["GET"]}}],"collection":[{"href":"https:\/\/radioparquecde.com\/index.php\/wp-json\/wp\/v2\/posts"}],"about":[{"href":"https:\/\/radioparquecde.com\/index.php\/wp-json\/wp\/v2\/types\/post"}],"author":[{"embeddable":true,"href":"https:\/\/radioparquecde.com\/index.php\/wp-json\/wp\/v2\/users\/3"}],"replies":[{"embeddable":true,"href":"https:\/\/radioparquecde.com\/index.php\/wp-json\/wp\/v2\/comments?post=6485"}],"version-history":[{"count":1,"href":"https:\/\/radioparquecde.com\/index.php\/wp-json\/wp\/v2\/posts\/6485\/revisions"}],"predecessor-version":[{"id":6489,"href":"https:\/\/radioparquecde.com\/index.php\/wp-json\/wp\/v2\/posts\/6485\/revisions\/6489"}],"wp:featuredmedia":[{"embeddable":true,"href":"https:\/\/radioparquecde.com\/index.php\/wp-json\/wp\/v2\/media\/6488"}],"wp:attachment":[{"href":"https:\/\/radioparquecde.com\/index.php\/wp-json\/wp\/v2\/media?parent=6485"}],"wp:term":[{"taxonomy":"category","embeddable":true,"href":"https:\/\/radioparquecde.com\/index.php\/wp-json\/wp\/v2\/categories?post=6485"},{"taxonomy":"post_tag","embeddable":true,"href":"https:\/\/radioparquecde.com\/index.php\/wp-json\/wp\/v2\/tags?post=6485"}],"curies":[{"name":"wp","href":"https:\/\/api.w.org\/{rel}","templated":true}]}}