{"id":651,"date":"2022-01-03T20:41:01","date_gmt":"2022-01-03T20:41:01","guid":{"rendered":"https:\/\/radioparquecde.com\/web\/?p=651"},"modified":"2022-01-03T21:07:13","modified_gmt":"2022-01-03T21:07:13","slug":"adolescente-sin-casco-muere-tras-ser-rozado-por-un-camion","status":"publish","type":"post","link":"https:\/\/radioparquecde.com\/index.php\/2022\/01\/03\/adolescente-sin-casco-muere-tras-ser-rozado-por-un-camion\/","title":{"rendered":"Adolescente sin casco, muere tras ser rozado por un cami\u00f3n"},"content":{"rendered":"\n<p>Un adolescente al mando de una motocicleta muri\u00f3 esta ma\u00f1ana en la ciudad de Juan Le\u00f3n Mallorqu\u00edn y sus dos acompa\u00f1antes resultaron lesionados, luego de ser rozados por un cami\u00f3n en la Ruta PY 02.<\/p>\n\n\n\n<!--more-->\n\n\n\n<figure class=\"wp-block-image size-full\"><img loading=\"lazy\" decoding=\"async\" width=\"800\" height=\"449\" src=\"https:\/\/radioparquecde.com\/web\/wp-content\/uploads\/2022\/01\/441.jpg\" alt=\"\" class=\"wp-image-652\" srcset=\"https:\/\/radioparquecde.com\/wp-content\/uploads\/2022\/01\/441.jpg 800w, https:\/\/radioparquecde.com\/wp-content\/uploads\/2022\/01\/441-300x168.jpg 300w, https:\/\/radioparquecde.com\/wp-content\/uploads\/2022\/01\/441-768x431.jpg 768w\" sizes=\"auto, (max-width: 800px) 100vw, 800px\" \/><\/figure>\n\n\n\n<p>La v\u00edctima es Giovanni Mat\u00edas Vieira L\u00f3pez (15), quien manejaba una moto de la marca Kenton, de color rojo, sin chapa, en compa\u00f1\u00eda de su mam\u00e1 y una criatura de dos a\u00f1os, seg\u00fan el relato policial. El cami\u00f3n, al mando de Pedro Idelfonso Ru\u00edz Torres, roz\u00f3 a los mismos y los tiro al pavimento, a\u00f1ade el informe. El conductor qued\u00f3 demorado y ya est\u00e1 a disposici\u00f3n del Ministerio P\u00fablico.<\/p>\n\n\n\n<p>Giovanni Mat\u00edas falleci\u00f3 en el acto por un fuerte golpe en la cabeza, ya que no ten\u00eda casco, mientras que su mam\u00e1 y la criatura fueron trasladadas hasta el Centro de Salud local para que sean asistidas. Ambos est\u00e1n fuera de peligro.<\/p>\n","protected":false},"excerpt":{"rendered":"<p>Un adolescente al mando de una motocicleta muri\u00f3 esta ma\u00f1ana en la ciudad de Juan&#8230;<\/p>\n","protected":false},"author":1,"featured_media":652,"comment_status":"open","ping_status":"closed","sticky":false,"template":"","format":"standard","meta":{"footnotes":""},"categories":[18],"tags":[],"class_list":["post-651","post","type-post","status-publish","format-standard","has-post-thumbnail","hentry","category-departamentales"],"featured_image_urls":{"full":["https:\/\/radioparquecde.com\/wp-content\/uploads\/2022\/01\/441.jpg",800,449,false],"thumbnail":["https:\/\/radioparquecde.com\/wp-content\/uploads\/2022\/01\/441-150x150.jpg",150,150,true],"medium":["https:\/\/radioparquecde.com\/wp-content\/uploads\/2022\/01\/441-300x168.jpg",300,168,true],"medium_large":["https:\/\/radioparquecde.com\/wp-content\/uploads\/2022\/01\/441-768x431.jpg",640,359,true],"large":["https:\/\/radioparquecde.com\/wp-content\/uploads\/2022\/01\/441.jpg",640,359,false],"1536x1536":["https:\/\/radioparquecde.com\/wp-content\/uploads\/2022\/01\/441.jpg",800,449,false],"2048x2048":["https:\/\/radioparquecde.com\/wp-content\/uploads\/2022\/01\/441.jpg",800,449,false],"newsphere-slider-full":["https:\/\/radioparquecde.com\/wp-content\/uploads\/2022\/01\/441.jpg",800,449,false],"newsphere-featured":["https:\/\/radioparquecde.com\/wp-content\/uploads\/2022\/01\/441.jpg",800,449,false],"newsphere-medium":["https:\/\/radioparquecde.com\/wp-content\/uploads\/2022\/01\/441-720x380.jpg",720,380,true]},"author_info":{"display_name":"admin","author_link":"https:\/\/radioparquecde.com\/index.php\/author\/admin_av\/"},"category_info":"<a href=\"https:\/\/radioparquecde.com\/index.php\/category\/noticias\/departamentales\/\" rel=\"category tag\">Departamentales<\/a>","tag_info":"Departamentales","comment_count":"0","_links":{"self":[{"href":"https:\/\/radioparquecde.com\/index.php\/wp-json\/wp\/v2\/posts\/651","targetHints":{"allow":["GET"]}}],"collection":[{"href":"https:\/\/radioparquecde.com\/index.php\/wp-json\/wp\/v2\/posts"}],"about":[{"href":"https:\/\/radioparquecde.com\/index.php\/wp-json\/wp\/v2\/types\/post"}],"author":[{"embeddable":true,"href":"https:\/\/radioparquecde.com\/index.php\/wp-json\/wp\/v2\/users\/1"}],"replies":[{"embeddable":true,"href":"https:\/\/radioparquecde.com\/index.php\/wp-json\/wp\/v2\/comments?post=651"}],"version-history":[{"count":1,"href":"https:\/\/radioparquecde.com\/index.php\/wp-json\/wp\/v2\/posts\/651\/revisions"}],"predecessor-version":[{"id":653,"href":"https:\/\/radioparquecde.com\/index.php\/wp-json\/wp\/v2\/posts\/651\/revisions\/653"}],"wp:featuredmedia":[{"embeddable":true,"href":"https:\/\/radioparquecde.com\/index.php\/wp-json\/wp\/v2\/media\/652"}],"wp:attachment":[{"href":"https:\/\/radioparquecde.com\/index.php\/wp-json\/wp\/v2\/media?parent=651"}],"wp:term":[{"taxonomy":"category","embeddable":true,"href":"https:\/\/radioparquecde.com\/index.php\/wp-json\/wp\/v2\/categories?post=651"},{"taxonomy":"post_tag","embeddable":true,"href":"https:\/\/radioparquecde.com\/index.php\/wp-json\/wp\/v2\/tags?post=651"}],"curies":[{"name":"wp","href":"https:\/\/api.w.org\/{rel}","templated":true}]}}