{"id":6591,"date":"2022-11-23T15:20:49","date_gmt":"2022-11-23T18:20:49","guid":{"rendered":"https:\/\/radioparquecde.com\/?p=6591"},"modified":"2022-11-23T15:20:50","modified_gmt":"2022-11-23T18:20:50","slug":"presentan-estudio-exploratorio-sobre-albergues-para-mujeres-victimas-de-violencia","status":"publish","type":"post","link":"https:\/\/radioparquecde.com\/index.php\/2022\/11\/23\/presentan-estudio-exploratorio-sobre-albergues-para-mujeres-victimas-de-violencia\/","title":{"rendered":"Presentan estudio exploratorio sobre albergues para mujeres v\u00edctimas de violencia"},"content":{"rendered":"\n<p>La organizaci\u00f3n feminista Ku\u00f1a Poty de Ciudad del Este presentar\u00e1 ma\u00f1ana los resultados preliminares de un estudio exploratorio sobre el funcionamiento de albergues para mujeres v\u00edctimas de violencia de g\u00e9nero en Paraguay. Con esta investigaci\u00f3n social, se busca aportar datos y un diagn\u00f3stico para avanzar hacia un compromiso interinstitucional para la creaci\u00f3n y gesti\u00f3n sostenible de un albergue en Alto Paran\u00e1.<\/p>\n\n\n\n<p>La presentaci\u00f3n de este estudio se realizar\u00e1 durante la \u00faltima reuni\u00f3n del a\u00f1o de la Mesa Previm (Mesa de Prevenci\u00f3n de la Violencia hacia las Mujeres) de Alto Paran\u00e1 y en la v\u00edspera del D\u00eda Internacional Contra la Violencia hacia las Mujeres #25N. El evento ser\u00e1 este jueves 24 de noviembre, a las 08:00, en el Centro Regional de las Mujeres (\u00c1rea 4 de Ciudad del Este).<\/p>\n\n\n\n<p>La investigaci\u00f3n forma parte del proyecto #AltoParan\u00e1AlbergueYa, que naci\u00f3 con la intenci\u00f3n de documentar las experiencias de funcionamiento de los albergues para mujeres v\u00edctimas de violencia de g\u00e9nero existentes en Paraguay. Esto, a fin de generar datos actuales y concretos para la protecci\u00f3n urgente de las v\u00edctimas en su futura creaci\u00f3n y funcionamiento en la regi\u00f3n Este del pa\u00eds. Cabe recordar, que en 2021 se declar\u00f3 Emergencia Nacional por Feminicidios en Paraguay, mediante la promulgaci\u00f3n de la Ley n\u00b0 6806.<\/p>\n\n\n\n<figure class=\"wp-block-image size-large\"><img loading=\"lazy\" decoding=\"async\" width=\"1024\" height=\"682\" src=\"https:\/\/radioparquecde.com\/wp-content\/uploads\/2022\/11\/PAG-3-B-5-1024x682.jpg\" alt=\"\" class=\"wp-image-6593\" srcset=\"https:\/\/radioparquecde.com\/wp-content\/uploads\/2022\/11\/PAG-3-B-5-1024x682.jpg 1024w, https:\/\/radioparquecde.com\/wp-content\/uploads\/2022\/11\/PAG-3-B-5-300x200.jpg 300w, https:\/\/radioparquecde.com\/wp-content\/uploads\/2022\/11\/PAG-3-B-5-768x512.jpg 768w, https:\/\/radioparquecde.com\/wp-content\/uploads\/2022\/11\/PAG-3-B-5.jpg 1280w\" sizes=\"auto, (max-width: 1024px) 100vw, 1024px\" \/><\/figure>\n","protected":false},"excerpt":{"rendered":"<p>La organizaci\u00f3n feminista Ku\u00f1a Poty de Ciudad del Este presentar\u00e1 ma\u00f1ana los resultados preliminares de&#8230;<\/p>\n","protected":false},"author":3,"featured_media":6594,"comment_status":"closed","ping_status":"closed","sticky":false,"template":"","format":"standard","meta":{"footnotes":""},"categories":[48,6],"tags":[],"class_list":["post-6591","post","type-post","status-publish","format-standard","has-post-thumbnail","hentry","category-alto-parana","category-noticias"],"featured_image_urls":{"full":["https:\/\/radioparquecde.com\/wp-content\/uploads\/2022\/11\/PAG-3-B-5-1.jpg",1280,853,false],"thumbnail":["https:\/\/radioparquecde.com\/wp-content\/uploads\/2022\/11\/PAG-3-B-5-1-150x150.jpg",150,150,true],"medium":["https:\/\/radioparquecde.com\/wp-content\/uploads\/2022\/11\/PAG-3-B-5-1-300x200.jpg",300,200,true],"medium_large":["https:\/\/radioparquecde.com\/wp-content\/uploads\/2022\/11\/PAG-3-B-5-1-768x512.jpg",640,427,true],"large":["https:\/\/radioparquecde.com\/wp-content\/uploads\/2022\/11\/PAG-3-B-5-1-1024x682.jpg",640,426,true],"1536x1536":["https:\/\/radioparquecde.com\/wp-content\/uploads\/2022\/11\/PAG-3-B-5-1.jpg",1280,853,false],"2048x2048":["https:\/\/radioparquecde.com\/wp-content\/uploads\/2022\/11\/PAG-3-B-5-1.jpg",1280,853,false],"newsphere-slider-full":["https:\/\/radioparquecde.com\/wp-content\/uploads\/2022\/11\/PAG-3-B-5-1-1280x720.jpg",1280,720,true],"newsphere-featured":["https:\/\/radioparquecde.com\/wp-content\/uploads\/2022\/11\/PAG-3-B-5-1-1024x682.jpg",1024,682,true],"newsphere-medium":["https:\/\/radioparquecde.com\/wp-content\/uploads\/2022\/11\/PAG-3-B-5-1-720x380.jpg",720,380,true]},"author_info":{"display_name":"Editor","author_link":"https:\/\/radioparquecde.com\/index.php\/author\/editor\/"},"category_info":"<a href=\"https:\/\/radioparquecde.com\/index.php\/category\/alto-parana\/\" rel=\"category tag\">ALTO PARAN\u00c1<\/a> <a href=\"https:\/\/radioparquecde.com\/index.php\/category\/noticias\/\" rel=\"category tag\">Noticias<\/a>","tag_info":"Noticias","comment_count":"0","_links":{"self":[{"href":"https:\/\/radioparquecde.com\/index.php\/wp-json\/wp\/v2\/posts\/6591","targetHints":{"allow":["GET"]}}],"collection":[{"href":"https:\/\/radioparquecde.com\/index.php\/wp-json\/wp\/v2\/posts"}],"about":[{"href":"https:\/\/radioparquecde.com\/index.php\/wp-json\/wp\/v2\/types\/post"}],"author":[{"embeddable":true,"href":"https:\/\/radioparquecde.com\/index.php\/wp-json\/wp\/v2\/users\/3"}],"replies":[{"embeddable":true,"href":"https:\/\/radioparquecde.com\/index.php\/wp-json\/wp\/v2\/comments?post=6591"}],"version-history":[{"count":1,"href":"https:\/\/radioparquecde.com\/index.php\/wp-json\/wp\/v2\/posts\/6591\/revisions"}],"predecessor-version":[{"id":6595,"href":"https:\/\/radioparquecde.com\/index.php\/wp-json\/wp\/v2\/posts\/6591\/revisions\/6595"}],"wp:featuredmedia":[{"embeddable":true,"href":"https:\/\/radioparquecde.com\/index.php\/wp-json\/wp\/v2\/media\/6594"}],"wp:attachment":[{"href":"https:\/\/radioparquecde.com\/index.php\/wp-json\/wp\/v2\/media?parent=6591"}],"wp:term":[{"taxonomy":"category","embeddable":true,"href":"https:\/\/radioparquecde.com\/index.php\/wp-json\/wp\/v2\/categories?post=6591"},{"taxonomy":"post_tag","embeddable":true,"href":"https:\/\/radioparquecde.com\/index.php\/wp-json\/wp\/v2\/tags?post=6591"}],"curies":[{"name":"wp","href":"https:\/\/api.w.org\/{rel}","templated":true}]}}