{"id":6673,"date":"2022-11-29T08:21:40","date_gmt":"2022-11-29T11:21:40","guid":{"rendered":"https:\/\/radioparquecde.com\/?p=6673"},"modified":"2022-11-29T08:21:41","modified_gmt":"2022-11-29T11:21:41","slug":"detuvieron-a-la-pareja-del-miembro-de-la-ftc-asesinado","status":"publish","type":"post","link":"https:\/\/radioparquecde.com\/index.php\/2022\/11\/29\/detuvieron-a-la-pareja-del-miembro-de-la-ftc-asesinado\/","title":{"rendered":"DETUVIERON A LA PAREJA DEL MIEMBRO DE LA FTC ASESINADO"},"content":{"rendered":"\n<p>Victor Gabriel Veloso (26) fue detenido como sospechoso del homicidio de Waldino Aguayo Rojas (31), un militar de la Fuerza de Tarea Conjunta (FTC), quien falleci\u00f3 tras recibir heridas cortantes de arma blanca a la altura del cuello y brazo.<\/p>\n\n\n\n<p>El asesinato se registr\u00f3 durante la madrugada del lunes en el barrio San Luis de la ciudad de Yasy Ka\u00f1y, en Canindey\u00fa.<\/p>\n\n\n\n<figure class=\"wp-block-image size-full\"><img loading=\"lazy\" decoding=\"async\" width=\"1002\" height=\"672\" src=\"https:\/\/radioparquecde.com\/wp-content\/uploads\/2022\/11\/317565110_10159112778522327_6935623481110357779_n.png\" alt=\"\" class=\"wp-image-6675\" srcset=\"https:\/\/radioparquecde.com\/wp-content\/uploads\/2022\/11\/317565110_10159112778522327_6935623481110357779_n.png 1002w, https:\/\/radioparquecde.com\/wp-content\/uploads\/2022\/11\/317565110_10159112778522327_6935623481110357779_n-300x201.png 300w, https:\/\/radioparquecde.com\/wp-content\/uploads\/2022\/11\/317565110_10159112778522327_6935623481110357779_n-768x515.png 768w\" sizes=\"auto, (max-width: 1002px) 100vw, 1002px\" \/><\/figure>\n\n\n\n<p>La persona detenida es trans y se present\u00f3 a los investigadores con una c\u00e9dula de identidad a nombre de Karen Naomi G\u00f3mez Alfonso, qui\u00e9n declar\u00f3 que mientras descansaban en la vivienda del fallecido, fueron atacados en la madrugada por dos sujetos, quienes supuestamente hirieron al militar y luego huyeron.<\/p>\n\n\n\n<p>No obstante, la escena del crimen no coincidir\u00eda con el relato, explicaron los intervinientes.<\/p>\n","protected":false},"excerpt":{"rendered":"<p>Victor Gabriel Veloso (26) fue detenido como sospechoso del homicidio de Waldino Aguayo Rojas (31),&#8230;<\/p>\n","protected":false},"author":3,"featured_media":6676,"comment_status":"closed","ping_status":"closed","sticky":false,"template":"","format":"standard","meta":{"footnotes":""},"categories":[6,47],"tags":[],"class_list":["post-6673","post","type-post","status-publish","format-standard","has-post-thumbnail","hentry","category-noticias","category-sucesos"],"featured_image_urls":{"full":["https:\/\/radioparquecde.com\/wp-content\/uploads\/2022\/11\/317565110_10159112778522327_6935623481110357779_n-1.png",1002,672,false],"thumbnail":["https:\/\/radioparquecde.com\/wp-content\/uploads\/2022\/11\/317565110_10159112778522327_6935623481110357779_n-1-150x150.png",150,150,true],"medium":["https:\/\/radioparquecde.com\/wp-content\/uploads\/2022\/11\/317565110_10159112778522327_6935623481110357779_n-1-300x201.png",300,201,true],"medium_large":["https:\/\/radioparquecde.com\/wp-content\/uploads\/2022\/11\/317565110_10159112778522327_6935623481110357779_n-1-768x515.png",640,429,true],"large":["https:\/\/radioparquecde.com\/wp-content\/uploads\/2022\/11\/317565110_10159112778522327_6935623481110357779_n-1.png",640,429,false],"1536x1536":["https:\/\/radioparquecde.com\/wp-content\/uploads\/2022\/11\/317565110_10159112778522327_6935623481110357779_n-1.png",1002,672,false],"2048x2048":["https:\/\/radioparquecde.com\/wp-content\/uploads\/2022\/11\/317565110_10159112778522327_6935623481110357779_n-1.png",1002,672,false],"newsphere-slider-full":["https:\/\/radioparquecde.com\/wp-content\/uploads\/2022\/11\/317565110_10159112778522327_6935623481110357779_n-1.png",1002,672,false],"newsphere-featured":["https:\/\/radioparquecde.com\/wp-content\/uploads\/2022\/11\/317565110_10159112778522327_6935623481110357779_n-1.png",1002,672,false],"newsphere-medium":["https:\/\/radioparquecde.com\/wp-content\/uploads\/2022\/11\/317565110_10159112778522327_6935623481110357779_n-1-720x380.png",720,380,true]},"author_info":{"display_name":"Editor","author_link":"https:\/\/radioparquecde.com\/index.php\/author\/editor\/"},"category_info":"<a href=\"https:\/\/radioparquecde.com\/index.php\/category\/noticias\/\" rel=\"category tag\">Noticias<\/a> <a href=\"https:\/\/radioparquecde.com\/index.php\/category\/sucesos\/\" rel=\"category tag\">SUCESOS<\/a>","tag_info":"SUCESOS","comment_count":"0","_links":{"self":[{"href":"https:\/\/radioparquecde.com\/index.php\/wp-json\/wp\/v2\/posts\/6673","targetHints":{"allow":["GET"]}}],"collection":[{"href":"https:\/\/radioparquecde.com\/index.php\/wp-json\/wp\/v2\/posts"}],"about":[{"href":"https:\/\/radioparquecde.com\/index.php\/wp-json\/wp\/v2\/types\/post"}],"author":[{"embeddable":true,"href":"https:\/\/radioparquecde.com\/index.php\/wp-json\/wp\/v2\/users\/3"}],"replies":[{"embeddable":true,"href":"https:\/\/radioparquecde.com\/index.php\/wp-json\/wp\/v2\/comments?post=6673"}],"version-history":[{"count":1,"href":"https:\/\/radioparquecde.com\/index.php\/wp-json\/wp\/v2\/posts\/6673\/revisions"}],"predecessor-version":[{"id":6677,"href":"https:\/\/radioparquecde.com\/index.php\/wp-json\/wp\/v2\/posts\/6673\/revisions\/6677"}],"wp:featuredmedia":[{"embeddable":true,"href":"https:\/\/radioparquecde.com\/index.php\/wp-json\/wp\/v2\/media\/6676"}],"wp:attachment":[{"href":"https:\/\/radioparquecde.com\/index.php\/wp-json\/wp\/v2\/media?parent=6673"}],"wp:term":[{"taxonomy":"category","embeddable":true,"href":"https:\/\/radioparquecde.com\/index.php\/wp-json\/wp\/v2\/categories?post=6673"},{"taxonomy":"post_tag","embeddable":true,"href":"https:\/\/radioparquecde.com\/index.php\/wp-json\/wp\/v2\/tags?post=6673"}],"curies":[{"name":"wp","href":"https:\/\/api.w.org\/{rel}","templated":true}]}}