{"id":6760,"date":"2022-12-01T08:52:07","date_gmt":"2022-12-01T11:52:07","guid":{"rendered":"https:\/\/radioparquecde.com\/?p=6760"},"modified":"2022-12-01T08:52:08","modified_gmt":"2022-12-01T11:52:08","slug":"tres-depravados-raptan-a-adolescente-de-14-anos-y-abusan-de-ella-a-orillas-del-rio-monday","status":"publish","type":"post","link":"https:\/\/radioparquecde.com\/index.php\/2022\/12\/01\/tres-depravados-raptan-a-adolescente-de-14-anos-y-abusan-de-ella-a-orillas-del-rio-monday\/","title":{"rendered":"Tres depravados raptan a adolescente de 14 a\u00f1os y abusan de ella a orillas del r\u00edo Monday"},"content":{"rendered":"\n<p><strong>PRESIDENTE FRANCO.<\/strong>&nbsp;La Polic\u00eda Nacional busca a tres degenerados sexuales que raptaron a una adolescente de 14 a\u00f1os y abusaron de ella en una zona boscosa, a orillas del r\u00edo Monday. Los presuntos autores est\u00e1n plenamente identificados, pues son vecinos de la v\u00edctima, y los investigadores ya est\u00e1n tras sus pasos. Seg\u00fan la denuncia radicada ante la subcomisar\u00eda 11\u00aa del \u00c1rea 5, el nuevo caso de abuso sexual ocurri\u00f3 alrededor de las 11:00 del martes. El caso est\u00e1 siendo investigado por la fiscal Viviana S\u00e1nchez, quien como primera medida dispuso que la menor sea inspeccionada por el m\u00e9dico forense del Ministerio P\u00fablico.<\/p>\n\n\n\n<p>La v\u00edctima est\u00e1 identificada con las in\u00edciales D.B.S.A. (14 a\u00f1os), domiciliada en el barrio Salto del Monday. Ella fue raptada por tres sujetos que ser\u00edan sus vecinos del barrio San Sebasti\u00e1n, identificados como Junior Alberto Peralta, Diosnel Peralta y un tal Eliseo, cuyas edades no se pudo especificar. La menor dijo que regresaba a su casa del colegio cuando los tres hombres la raptaron y la llevaron hasta un bosquecillo, a orillas del r\u00edo Monday, donde los tres la sometieron sexualmente.<\/p>\n\n\n\n<figure class=\"wp-block-image size-large\"><img loading=\"lazy\" decoding=\"async\" width=\"1024\" height=\"449\" src=\"https:\/\/radioparquecde.com\/wp-content\/uploads\/2022\/12\/PAG-12-A-F1-1024x449.jpg\" alt=\"\" class=\"wp-image-6762\" srcset=\"https:\/\/radioparquecde.com\/wp-content\/uploads\/2022\/12\/PAG-12-A-F1-1024x449.jpg 1024w, https:\/\/radioparquecde.com\/wp-content\/uploads\/2022\/12\/PAG-12-A-F1-300x132.jpg 300w, https:\/\/radioparquecde.com\/wp-content\/uploads\/2022\/12\/PAG-12-A-F1-768x337.jpg 768w, https:\/\/radioparquecde.com\/wp-content\/uploads\/2022\/12\/PAG-12-A-F1-1536x674.jpg 1536w, https:\/\/radioparquecde.com\/wp-content\/uploads\/2022\/12\/PAG-12-A-F1.jpg 1575w\" sizes=\"auto, (max-width: 1024px) 100vw, 1024px\" \/><\/figure>\n\n\n\n<p>Tras saciar sus bajos instintos, el tr\u00edo de degenerados se alejaron y la v\u00edctima tom\u00f3 fuerzas y fue directo a la sede policial para denunciar a los presuntos autores.<\/p>\n\n\n\n<p>Se comunic\u00f3 al agente fiscal de turno Viviana S\u00e1nchez, quien comision\u00f3 a su asistente fiscal para que traslade a la v\u00edctima hasta la sede del Ministerio P\u00fablico para su inspecci\u00f3n m\u00e9dica correspondiente.<\/p>\n","protected":false},"excerpt":{"rendered":"<p>PRESIDENTE FRANCO.&nbsp;La Polic\u00eda Nacional busca a tres degenerados sexuales que raptaron a una adolescente de&#8230;<\/p>\n","protected":false},"author":3,"featured_media":6763,"comment_status":"closed","ping_status":"closed","sticky":false,"template":"","format":"standard","meta":{"footnotes":""},"categories":[48,6],"tags":[],"class_list":["post-6760","post","type-post","status-publish","format-standard","has-post-thumbnail","hentry","category-alto-parana","category-noticias"],"featured_image_urls":{"full":["https:\/\/radioparquecde.com\/wp-content\/uploads\/2022\/12\/PAG-12-A-F1-1.jpg",1575,691,false],"thumbnail":["https:\/\/radioparquecde.com\/wp-content\/uploads\/2022\/12\/PAG-12-A-F1-1-150x150.jpg",150,150,true],"medium":["https:\/\/radioparquecde.com\/wp-content\/uploads\/2022\/12\/PAG-12-A-F1-1-300x132.jpg",300,132,true],"medium_large":["https:\/\/radioparquecde.com\/wp-content\/uploads\/2022\/12\/PAG-12-A-F1-1-768x337.jpg",640,281,true],"large":["https:\/\/radioparquecde.com\/wp-content\/uploads\/2022\/12\/PAG-12-A-F1-1-1024x449.jpg",640,281,true],"1536x1536":["https:\/\/radioparquecde.com\/wp-content\/uploads\/2022\/12\/PAG-12-A-F1-1-1536x674.jpg",1536,674,true],"2048x2048":["https:\/\/radioparquecde.com\/wp-content\/uploads\/2022\/12\/PAG-12-A-F1-1.jpg",1575,691,false],"newsphere-slider-full":["https:\/\/radioparquecde.com\/wp-content\/uploads\/2022\/12\/PAG-12-A-F1-1-1280x691.jpg",1280,691,true],"newsphere-featured":["https:\/\/radioparquecde.com\/wp-content\/uploads\/2022\/12\/PAG-12-A-F1-1-1024x449.jpg",1024,449,true],"newsphere-medium":["https:\/\/radioparquecde.com\/wp-content\/uploads\/2022\/12\/PAG-12-A-F1-1-720x380.jpg",720,380,true]},"author_info":{"display_name":"Editor","author_link":"https:\/\/radioparquecde.com\/index.php\/author\/editor\/"},"category_info":"<a href=\"https:\/\/radioparquecde.com\/index.php\/category\/alto-parana\/\" rel=\"category tag\">ALTO PARAN\u00c1<\/a> <a href=\"https:\/\/radioparquecde.com\/index.php\/category\/noticias\/\" rel=\"category tag\">Noticias<\/a>","tag_info":"Noticias","comment_count":"0","_links":{"self":[{"href":"https:\/\/radioparquecde.com\/index.php\/wp-json\/wp\/v2\/posts\/6760","targetHints":{"allow":["GET"]}}],"collection":[{"href":"https:\/\/radioparquecde.com\/index.php\/wp-json\/wp\/v2\/posts"}],"about":[{"href":"https:\/\/radioparquecde.com\/index.php\/wp-json\/wp\/v2\/types\/post"}],"author":[{"embeddable":true,"href":"https:\/\/radioparquecde.com\/index.php\/wp-json\/wp\/v2\/users\/3"}],"replies":[{"embeddable":true,"href":"https:\/\/radioparquecde.com\/index.php\/wp-json\/wp\/v2\/comments?post=6760"}],"version-history":[{"count":1,"href":"https:\/\/radioparquecde.com\/index.php\/wp-json\/wp\/v2\/posts\/6760\/revisions"}],"predecessor-version":[{"id":6764,"href":"https:\/\/radioparquecde.com\/index.php\/wp-json\/wp\/v2\/posts\/6760\/revisions\/6764"}],"wp:featuredmedia":[{"embeddable":true,"href":"https:\/\/radioparquecde.com\/index.php\/wp-json\/wp\/v2\/media\/6763"}],"wp:attachment":[{"href":"https:\/\/radioparquecde.com\/index.php\/wp-json\/wp\/v2\/media?parent=6760"}],"wp:term":[{"taxonomy":"category","embeddable":true,"href":"https:\/\/radioparquecde.com\/index.php\/wp-json\/wp\/v2\/categories?post=6760"},{"taxonomy":"post_tag","embeddable":true,"href":"https:\/\/radioparquecde.com\/index.php\/wp-json\/wp\/v2\/tags?post=6760"}],"curies":[{"name":"wp","href":"https:\/\/api.w.org\/{rel}","templated":true}]}}