{"id":6858,"date":"2022-12-05T08:31:26","date_gmt":"2022-12-05T11:31:26","guid":{"rendered":"https:\/\/radioparquecde.com\/?p=6858"},"modified":"2022-12-05T08:31:28","modified_gmt":"2022-12-05T11:31:28","slug":"ciudad-del-este-celebra-la-navidad-con-adornos-y-amplia-agenda-cultural","status":"publish","type":"post","link":"https:\/\/radioparquecde.com\/index.php\/2022\/12\/05\/ciudad-del-este-celebra-la-navidad-con-adornos-y-amplia-agenda-cultural\/","title":{"rendered":"Ciudad del Este celebra la Navidad con adornos y amplia agenda cultural"},"content":{"rendered":"\n<p>En el marco del proyecto Navidad Sustentable, impulsado por la Municipalidad de Ciudad del Este, el s\u00e1bado \u00faltimo se llev\u00f3 a cabo el encendido de luces de las decoraciones, que fueron creadas a partir de materiales reciclados. El evento central, realizado en el anfiteatro del Lago de la Rep\u00fablica, reuni\u00f3 a miles de familias. La Comuna invirti\u00f3 G. 2.000 millones para las ornamentaciones en diferentes puntos de la capital del Alto Paran\u00e1. Adem\u00e1s, en las pr\u00f3ximas semanas se har\u00e1n varias actividades culturales.<\/p>\n\n\n\n<p>Una gran cantidad de personas particip\u00f3 del encendido oficial de las luces que forman parte de la ambientaci\u00f3n navide\u00f1a de la ciudad. Se utilizaron 16 toneladas de pl\u00e1sticos&nbsp; para la realizaci\u00f3n de los adornos. M\u00e1s de 100 funcionarios trabajaron por ocho meses para tener a punto la decoraci\u00f3n.<\/p>\n\n\n\n<p>Los puntos iluminados son las rotondas del \u00c1rea 1, km 3,5, Monalisa y Oasis, adem\u00e1s de cuatro kil\u00f3metros del Lago de la Rep\u00fablica y el anfiteatro, donde se estableci\u00f3 la casa de Papa Noel y el \u00e1rbol navide\u00f1o de 18 metros, entre otras ornamentaciones.<\/p>\n\n\n\n<p>El intendente Miguel Prieto destac\u00f3 el trabajo del personal municipal, que fuera del horario laboral trabaj\u00f3 por las decoraciones. \u201cTenemos un grupo de compa\u00f1eros de trabajo comprometido, que al principio se fue al proyecto de Navidad Sustentable con un poco de miedo, pensando que estaban sentenciados, que se iban a quedar sin trabajo despu\u00e9s, pero no es as\u00ed. Vean con orgullo c\u00f3mo desde el Este se ilumina todo el Paraguay\u201d, expres\u00f3 durante el evento, que cont\u00f3 con shows art\u00edsticos.<\/p>\n\n\n\n<p>\u201cHoy estamos felices y orgullosos, mostr\u00e1ndole al pa\u00eds que se puede, mucha gente dec\u00eda que es un dinero gastado al pedo, que G. 2.000 millones invertidos es mucha plata. Hicimos los c\u00e1lculos y si es que contrat\u00e1bamos a una empresa privada como se hacen en otras ciudades para hacer esto iba a costar, como m\u00ednimo, G. 5.000 millones\u201d, detall\u00f3 el jefe comunal.<\/p>\n\n\n\n<p>Record\u00f3 que la Navidad Sustentable pudo hacerse realidad mediante el apoyo de la poblaci\u00f3n. \u201cGracias a cada uno de ustedes, porque gracias a ustedes el Paraguay va a ver lo que Ciudad del Este es capaz, una Navidad sustentable con 16.000 kilos de basura que pod\u00eda haber parado en los cauces h\u00eddricos como pasaba anteriormente. Tenemos un ciudad m\u00e1s limpia y ordenada\u201d, destac\u00f3.<\/p>\n\n\n\n<p>As\u00ed tambi\u00e9n, el intendente se\u00f1al\u00f3 que el proyecto permite reunir a las familias en torno a un ambiente navide\u00f1o diferente y armonioso, generando atractivos para posibilitar la confraternidad con opciones locales que, a la vez, atraigan a visitantes de otros puntos del pa\u00eds y del exterior. En ese sentido, se llevar\u00e1n a cabo diversas actividades culturales en el anfiteatro del Lago de la Rep\u00fablica.<\/p>\n\n\n\n<figure class=\"wp-block-image size-large\"><img loading=\"lazy\" decoding=\"async\" width=\"1024\" height=\"683\" src=\"https:\/\/radioparquecde.com\/wp-content\/uploads\/2022\/12\/PAG-7-A-1-1024x683.jpeg\" alt=\"\" class=\"wp-image-6860\" srcset=\"https:\/\/radioparquecde.com\/wp-content\/uploads\/2022\/12\/PAG-7-A-1-1024x683.jpeg 1024w, https:\/\/radioparquecde.com\/wp-content\/uploads\/2022\/12\/PAG-7-A-1-300x200.jpeg 300w, https:\/\/radioparquecde.com\/wp-content\/uploads\/2022\/12\/PAG-7-A-1-768x512.jpeg 768w, https:\/\/radioparquecde.com\/wp-content\/uploads\/2022\/12\/PAG-7-A-1-1536x1024.jpeg 1536w, https:\/\/radioparquecde.com\/wp-content\/uploads\/2022\/12\/PAG-7-A-1.jpeg 1575w\" sizes=\"auto, (max-width: 1024px) 100vw, 1024px\" \/><\/figure>\n","protected":false},"excerpt":{"rendered":"<p>En el marco del proyecto Navidad Sustentable, impulsado por la Municipalidad de Ciudad del Este,&#8230;<\/p>\n","protected":false},"author":3,"featured_media":6861,"comment_status":"closed","ping_status":"closed","sticky":false,"template":"","format":"standard","meta":{"footnotes":""},"categories":[48,2],"tags":[],"class_list":["post-6858","post","type-post","status-publish","format-standard","has-post-thumbnail","hentry","category-alto-parana","category-destacadas"],"featured_image_urls":{"full":["https:\/\/radioparquecde.com\/wp-content\/uploads\/2022\/12\/PAG-7-A-1-1.jpeg",1575,1050,false],"thumbnail":["https:\/\/radioparquecde.com\/wp-content\/uploads\/2022\/12\/PAG-7-A-1-1-150x150.jpeg",150,150,true],"medium":["https:\/\/radioparquecde.com\/wp-content\/uploads\/2022\/12\/PAG-7-A-1-1-300x200.jpeg",300,200,true],"medium_large":["https:\/\/radioparquecde.com\/wp-content\/uploads\/2022\/12\/PAG-7-A-1-1-768x512.jpeg",640,427,true],"large":["https:\/\/radioparquecde.com\/wp-content\/uploads\/2022\/12\/PAG-7-A-1-1-1024x683.jpeg",640,427,true],"1536x1536":["https:\/\/radioparquecde.com\/wp-content\/uploads\/2022\/12\/PAG-7-A-1-1-1536x1024.jpeg",1536,1024,true],"2048x2048":["https:\/\/radioparquecde.com\/wp-content\/uploads\/2022\/12\/PAG-7-A-1-1.jpeg",1575,1050,false],"newsphere-slider-full":["https:\/\/radioparquecde.com\/wp-content\/uploads\/2022\/12\/PAG-7-A-1-1-1280x720.jpeg",1280,720,true],"newsphere-featured":["https:\/\/radioparquecde.com\/wp-content\/uploads\/2022\/12\/PAG-7-A-1-1-1024x683.jpeg",1024,683,true],"newsphere-medium":["https:\/\/radioparquecde.com\/wp-content\/uploads\/2022\/12\/PAG-7-A-1-1-720x380.jpeg",720,380,true]},"author_info":{"display_name":"Editor","author_link":"https:\/\/radioparquecde.com\/index.php\/author\/editor\/"},"category_info":"<a href=\"https:\/\/radioparquecde.com\/index.php\/category\/alto-parana\/\" rel=\"category tag\">ALTO PARAN\u00c1<\/a> <a href=\"https:\/\/radioparquecde.com\/index.php\/category\/noticias\/destacadas\/\" rel=\"category tag\">Destacadas<\/a>","tag_info":"Destacadas","comment_count":"0","_links":{"self":[{"href":"https:\/\/radioparquecde.com\/index.php\/wp-json\/wp\/v2\/posts\/6858","targetHints":{"allow":["GET"]}}],"collection":[{"href":"https:\/\/radioparquecde.com\/index.php\/wp-json\/wp\/v2\/posts"}],"about":[{"href":"https:\/\/radioparquecde.com\/index.php\/wp-json\/wp\/v2\/types\/post"}],"author":[{"embeddable":true,"href":"https:\/\/radioparquecde.com\/index.php\/wp-json\/wp\/v2\/users\/3"}],"replies":[{"embeddable":true,"href":"https:\/\/radioparquecde.com\/index.php\/wp-json\/wp\/v2\/comments?post=6858"}],"version-history":[{"count":1,"href":"https:\/\/radioparquecde.com\/index.php\/wp-json\/wp\/v2\/posts\/6858\/revisions"}],"predecessor-version":[{"id":6862,"href":"https:\/\/radioparquecde.com\/index.php\/wp-json\/wp\/v2\/posts\/6858\/revisions\/6862"}],"wp:featuredmedia":[{"embeddable":true,"href":"https:\/\/radioparquecde.com\/index.php\/wp-json\/wp\/v2\/media\/6861"}],"wp:attachment":[{"href":"https:\/\/radioparquecde.com\/index.php\/wp-json\/wp\/v2\/media?parent=6858"}],"wp:term":[{"taxonomy":"category","embeddable":true,"href":"https:\/\/radioparquecde.com\/index.php\/wp-json\/wp\/v2\/categories?post=6858"},{"taxonomy":"post_tag","embeddable":true,"href":"https:\/\/radioparquecde.com\/index.php\/wp-json\/wp\/v2\/tags?post=6858"}],"curies":[{"name":"wp","href":"https:\/\/api.w.org\/{rel}","templated":true}]}}