{"id":6863,"date":"2022-12-05T08:53:30","date_gmt":"2022-12-05T11:53:30","guid":{"rendered":"https:\/\/radioparquecde.com\/?p=6863"},"modified":"2022-12-05T08:53:32","modified_gmt":"2022-12-05T11:53:32","slug":"se-complica-salud-de-mujer-baleada-por-policias-en-ciudad-del-este","status":"publish","type":"post","link":"https:\/\/radioparquecde.com\/index.php\/2022\/12\/05\/se-complica-salud-de-mujer-baleada-por-policias-en-ciudad-del-este\/","title":{"rendered":"Se complica salud de mujer baleada por polic\u00edas en Ciudad del Este"},"content":{"rendered":"\n<p>La madre de la mujer que fue v\u00edctima de gatillo f\u00e1cil en Ciudad del Este inform\u00f3 que se complic\u00f3 el cuadro de salud de su hija. Incluso indic\u00f3 que el fin de semana tuvo que ser reanimada.<\/p>\n\n\n\n<p><\/p>\n\n\n\n<p>Sebastiana Esp\u00ednola, madre de Gloria Yetsica Esp\u00ednola C\u00e1ceres, coment\u00f3 que el estado de salud de su hija es delicado y que durante la madrugada del domingo tuvo que ser reanimada.<\/p>\n\n\n\n<p>Igualmente, se\u00f1al\u00f3 con bastante preocupaci\u00f3n que el \u00fanico ri\u00f1\u00f3n que le queda tampoco est\u00e1 respondiendo bien. La mujer tuvo que ser operada por un trauma penetrante de arma de fuego y sufri\u00f3 una lesi\u00f3n en uno de los ri\u00f1ones, por lo que se le tuvo que practicar una nefrectom\u00eda.<\/p>\n\n\n\n<p>Gloria Yetsica fue herida durante un fallido operativo policial que se produjo en Ciudad del Este, Alto Paran\u00e1.<\/p>\n\n\n\n<p>\u00abPasamos muy mal, estaba muy mal. Ayer de madrugada tuvo un ataque y fue reanimada, as\u00ed estamos en este momento. Su \u00fanico ri\u00f1\u00f3n no est\u00e1 respondiendo bien, est\u00e1 tambi\u00e9n con golpes\u00bb, expres\u00f3 angustiada.<\/p>\n\n\n\n<figure class=\"wp-block-image size-full\"><img loading=\"lazy\" decoding=\"async\" width=\"500\" height=\"261\" src=\"https:\/\/radioparquecde.com\/wp-content\/uploads\/2022\/12\/7786005993307625590.jpg\" alt=\"\" class=\"wp-image-6865\" srcset=\"https:\/\/radioparquecde.com\/wp-content\/uploads\/2022\/12\/7786005993307625590.jpg 500w, https:\/\/radioparquecde.com\/wp-content\/uploads\/2022\/12\/7786005993307625590-300x157.jpg 300w\" sizes=\"auto, (max-width: 500px) 100vw, 500px\" \/><\/figure>\n","protected":false},"excerpt":{"rendered":"<p>La madre de la mujer que fue v\u00edctima de gatillo f\u00e1cil en Ciudad del Este&#8230;<\/p>\n","protected":false},"author":3,"featured_media":6866,"comment_status":"closed","ping_status":"closed","sticky":false,"template":"","format":"standard","meta":{"footnotes":""},"categories":[48,2],"tags":[],"class_list":["post-6863","post","type-post","status-publish","format-standard","has-post-thumbnail","hentry","category-alto-parana","category-destacadas"],"featured_image_urls":{"full":["https:\/\/radioparquecde.com\/wp-content\/uploads\/2022\/12\/7786005993307625590-1.jpg",500,261,false],"thumbnail":["https:\/\/radioparquecde.com\/wp-content\/uploads\/2022\/12\/7786005993307625590-1-150x150.jpg",150,150,true],"medium":["https:\/\/radioparquecde.com\/wp-content\/uploads\/2022\/12\/7786005993307625590-1-300x157.jpg",300,157,true],"medium_large":["https:\/\/radioparquecde.com\/wp-content\/uploads\/2022\/12\/7786005993307625590-1.jpg",500,261,false],"large":["https:\/\/radioparquecde.com\/wp-content\/uploads\/2022\/12\/7786005993307625590-1.jpg",500,261,false],"1536x1536":["https:\/\/radioparquecde.com\/wp-content\/uploads\/2022\/12\/7786005993307625590-1.jpg",500,261,false],"2048x2048":["https:\/\/radioparquecde.com\/wp-content\/uploads\/2022\/12\/7786005993307625590-1.jpg",500,261,false],"newsphere-slider-full":["https:\/\/radioparquecde.com\/wp-content\/uploads\/2022\/12\/7786005993307625590-1.jpg",500,261,false],"newsphere-featured":["https:\/\/radioparquecde.com\/wp-content\/uploads\/2022\/12\/7786005993307625590-1.jpg",500,261,false],"newsphere-medium":["https:\/\/radioparquecde.com\/wp-content\/uploads\/2022\/12\/7786005993307625590-1.jpg",500,261,false]},"author_info":{"display_name":"Editor","author_link":"https:\/\/radioparquecde.com\/index.php\/author\/editor\/"},"category_info":"<a href=\"https:\/\/radioparquecde.com\/index.php\/category\/alto-parana\/\" rel=\"category tag\">ALTO PARAN\u00c1<\/a> <a href=\"https:\/\/radioparquecde.com\/index.php\/category\/noticias\/destacadas\/\" rel=\"category tag\">Destacadas<\/a>","tag_info":"Destacadas","comment_count":"0","_links":{"self":[{"href":"https:\/\/radioparquecde.com\/index.php\/wp-json\/wp\/v2\/posts\/6863","targetHints":{"allow":["GET"]}}],"collection":[{"href":"https:\/\/radioparquecde.com\/index.php\/wp-json\/wp\/v2\/posts"}],"about":[{"href":"https:\/\/radioparquecde.com\/index.php\/wp-json\/wp\/v2\/types\/post"}],"author":[{"embeddable":true,"href":"https:\/\/radioparquecde.com\/index.php\/wp-json\/wp\/v2\/users\/3"}],"replies":[{"embeddable":true,"href":"https:\/\/radioparquecde.com\/index.php\/wp-json\/wp\/v2\/comments?post=6863"}],"version-history":[{"count":1,"href":"https:\/\/radioparquecde.com\/index.php\/wp-json\/wp\/v2\/posts\/6863\/revisions"}],"predecessor-version":[{"id":6867,"href":"https:\/\/radioparquecde.com\/index.php\/wp-json\/wp\/v2\/posts\/6863\/revisions\/6867"}],"wp:featuredmedia":[{"embeddable":true,"href":"https:\/\/radioparquecde.com\/index.php\/wp-json\/wp\/v2\/media\/6866"}],"wp:attachment":[{"href":"https:\/\/radioparquecde.com\/index.php\/wp-json\/wp\/v2\/media?parent=6863"}],"wp:term":[{"taxonomy":"category","embeddable":true,"href":"https:\/\/radioparquecde.com\/index.php\/wp-json\/wp\/v2\/categories?post=6863"},{"taxonomy":"post_tag","embeddable":true,"href":"https:\/\/radioparquecde.com\/index.php\/wp-json\/wp\/v2\/tags?post=6863"}],"curies":[{"name":"wp","href":"https:\/\/api.w.org\/{rel}","templated":true}]}}