{"id":6928,"date":"2022-12-07T08:32:17","date_gmt":"2022-12-07T11:32:17","guid":{"rendered":"https:\/\/radioparquecde.com\/?p=6928"},"modified":"2022-12-07T08:32:39","modified_gmt":"2022-12-07T11:32:39","slug":"desde-las-1200-de-este-miercoles-rige-el-asueto-que-declaro-el-ejecutivo-para-la-administracion-publica-y-entidades-descentralizadas-en-el-marco-de-la-vispera-de-la-festividad-de-la-virgen-de-los-mil","status":"publish","type":"post","link":"https:\/\/radioparquecde.com\/index.php\/2022\/12\/07\/desde-las-1200-de-este-miercoles-rige-el-asueto-que-declaro-el-ejecutivo-para-la-administracion-publica-y-entidades-descentralizadas-en-el-marco-de-la-vispera-de-la-festividad-de-la-virgen-de-los-mil\/","title":{"rendered":"<em>Desde las 12:00 de este mi\u00e9rcoles rige el asueto que declar\u00f3 el Ejecutivo para la administraci\u00f3n p\u00fablica y entidades descentralizadas en el marco de la v\u00edspera de la festividad de la Virgen de los Milagros de Caacup\u00e9.<\/em>"},"content":{"rendered":"\n<p>El presidente de la Rep\u00fablica, Mario Abdo Ben\u00edtez, declar\u00f3 por Decreto 8448 asueto para la Administraci\u00f3n p\u00fablica y entidades descentralizadas \u00a0este mi\u00e9rcoles 7 de diciembre, a partir de las 12:00.<\/p>\n\n\n\n<p>La disposici\u00f3n excluye a los funcionarios y empleados p\u00fablicos que prestan servicios m\u00e9dicos de urgencia y en horarios especiales, y a los que prestan servicios p\u00fablicos imprescindibles para la comunidad.<\/p>\n\n\n\n<p>El asueto se declar\u00f3 atendiendo que el 8 de diciembre de cada a\u00f1o se celebra la festividad de la Virgen de los Milagros de Caacup\u00e9. En la v\u00edspera, los feligreses peregrinan hasta la bas\u00edlica para alcanzar la celebraci\u00f3n central.<\/p>\n\n\n\n<p>Despu\u00e9s de dos a\u00f1os de restricciones por la pandemia, la festividad mariana se desarrolla nuevamente con total libertad y sin medidas sanitarias.<\/p>\n\n\n\n<figure class=\"wp-block-image size-full\"><img loading=\"lazy\" decoding=\"async\" width=\"616\" height=\"407\" src=\"https:\/\/radioparquecde.com\/wp-content\/uploads\/2022\/12\/Caacupe-4.jpg\" alt=\"\" class=\"wp-image-6930\" srcset=\"https:\/\/radioparquecde.com\/wp-content\/uploads\/2022\/12\/Caacupe-4.jpg 616w, https:\/\/radioparquecde.com\/wp-content\/uploads\/2022\/12\/Caacupe-4-300x198.jpg 300w\" sizes=\"auto, (max-width: 616px) 100vw, 616px\" \/><\/figure>\n","protected":false},"excerpt":{"rendered":"<p>El presidente de la Rep\u00fablica, Mario Abdo Ben\u00edtez, declar\u00f3 por Decreto 8448 asueto para la&#8230;<\/p>\n","protected":false},"author":3,"featured_media":6932,"comment_status":"closed","ping_status":"closed","sticky":false,"template":"","format":"standard","meta":{"footnotes":""},"categories":[2,6],"tags":[],"class_list":["post-6928","post","type-post","status-publish","format-standard","has-post-thumbnail","hentry","category-destacadas","category-noticias"],"featured_image_urls":{"full":["https:\/\/radioparquecde.com\/wp-content\/uploads\/2022\/12\/Caacupe-4-1.jpg",616,407,false],"thumbnail":["https:\/\/radioparquecde.com\/wp-content\/uploads\/2022\/12\/Caacupe-4-1-150x150.jpg",150,150,true],"medium":["https:\/\/radioparquecde.com\/wp-content\/uploads\/2022\/12\/Caacupe-4-1-300x198.jpg",300,198,true],"medium_large":["https:\/\/radioparquecde.com\/wp-content\/uploads\/2022\/12\/Caacupe-4-1.jpg",616,407,false],"large":["https:\/\/radioparquecde.com\/wp-content\/uploads\/2022\/12\/Caacupe-4-1.jpg",616,407,false],"1536x1536":["https:\/\/radioparquecde.com\/wp-content\/uploads\/2022\/12\/Caacupe-4-1.jpg",616,407,false],"2048x2048":["https:\/\/radioparquecde.com\/wp-content\/uploads\/2022\/12\/Caacupe-4-1.jpg",616,407,false],"newsphere-slider-full":["https:\/\/radioparquecde.com\/wp-content\/uploads\/2022\/12\/Caacupe-4-1.jpg",616,407,false],"newsphere-featured":["https:\/\/radioparquecde.com\/wp-content\/uploads\/2022\/12\/Caacupe-4-1.jpg",616,407,false],"newsphere-medium":["https:\/\/radioparquecde.com\/wp-content\/uploads\/2022\/12\/Caacupe-4-1-616x380.jpg",616,380,true]},"author_info":{"display_name":"Editor","author_link":"https:\/\/radioparquecde.com\/index.php\/author\/editor\/"},"category_info":"<a href=\"https:\/\/radioparquecde.com\/index.php\/category\/noticias\/destacadas\/\" rel=\"category tag\">Destacadas<\/a> <a href=\"https:\/\/radioparquecde.com\/index.php\/category\/noticias\/\" rel=\"category tag\">Noticias<\/a>","tag_info":"Noticias","comment_count":"0","_links":{"self":[{"href":"https:\/\/radioparquecde.com\/index.php\/wp-json\/wp\/v2\/posts\/6928","targetHints":{"allow":["GET"]}}],"collection":[{"href":"https:\/\/radioparquecde.com\/index.php\/wp-json\/wp\/v2\/posts"}],"about":[{"href":"https:\/\/radioparquecde.com\/index.php\/wp-json\/wp\/v2\/types\/post"}],"author":[{"embeddable":true,"href":"https:\/\/radioparquecde.com\/index.php\/wp-json\/wp\/v2\/users\/3"}],"replies":[{"embeddable":true,"href":"https:\/\/radioparquecde.com\/index.php\/wp-json\/wp\/v2\/comments?post=6928"}],"version-history":[{"count":1,"href":"https:\/\/radioparquecde.com\/index.php\/wp-json\/wp\/v2\/posts\/6928\/revisions"}],"predecessor-version":[{"id":6931,"href":"https:\/\/radioparquecde.com\/index.php\/wp-json\/wp\/v2\/posts\/6928\/revisions\/6931"}],"wp:featuredmedia":[{"embeddable":true,"href":"https:\/\/radioparquecde.com\/index.php\/wp-json\/wp\/v2\/media\/6932"}],"wp:attachment":[{"href":"https:\/\/radioparquecde.com\/index.php\/wp-json\/wp\/v2\/media?parent=6928"}],"wp:term":[{"taxonomy":"category","embeddable":true,"href":"https:\/\/radioparquecde.com\/index.php\/wp-json\/wp\/v2\/categories?post=6928"},{"taxonomy":"post_tag","embeddable":true,"href":"https:\/\/radioparquecde.com\/index.php\/wp-json\/wp\/v2\/tags?post=6928"}],"curies":[{"name":"wp","href":"https:\/\/api.w.org\/{rel}","templated":true}]}}