{"id":7091,"date":"2022-12-15T11:20:51","date_gmt":"2022-12-15T14:20:51","guid":{"rendered":"https:\/\/radioparquecde.com\/?p=7091"},"modified":"2022-12-15T11:20:54","modified_gmt":"2022-12-15T14:20:54","slug":"denuncian-a-agentes-de-investigaciones-por-presunta-extorsion-y-secuestro","status":"publish","type":"post","link":"https:\/\/radioparquecde.com\/index.php\/2022\/12\/15\/denuncian-a-agentes-de-investigaciones-por-presunta-extorsion-y-secuestro\/","title":{"rendered":"Denuncian a agentes de Investigaciones por presunta extorsi\u00f3n y secuestro"},"content":{"rendered":"\n<p>La oficial Diana S\u00e1nchez y los suboficiales Victor Ru\u00edz D\u00edaz y Osvaldo Gonz\u00e1lez, todos de la oficina de Investigaci\u00f3n de Delitos- filial San Alberto, fueron denunciados el mi\u00e9rcoles por los hechos de extorsi\u00f3n y privaci\u00f3n ileg\u00edtima de libertad.<\/p>\n\n\n\n<p><a><\/a>Seg\u00fan la denuncia, los tres polic\u00edas interceptaron un Toyota Premio en la zona del Cruce Itakyry, sobre la ruta PY 07. En el veh\u00edculo estaban el conductor Jorge Luis Duarte Villalba (25), adem\u00e1s de Carlos Cesar Villalba (43), Victoriana Duarte Villalba (52) y Shirley Romina Fern\u00e1ndez Zaragoza.<\/p>\n\n\n\n<p>Durante la verificaci\u00f3n los polic\u00edas constataron que Jorge Luis ten\u00eda un antecedente por abuso sexual en ni\u00f1os y que el martes fue denunciado en Itap\u00faa por un caso de violencia familiar e incendio intencional de vivienda. Pese a la denuncia, el joven no contaba con orden de captura, pero los polic\u00edas le solicitaron G. 30 millones para liberarlo. Posteriormente bajaron a G. 20 millones.<\/p>\n\n\n\n<p>Las otras tres personas que estaban con Jorge Luis fueron liberadas para buscar el dinero y aprovecharon para denunciar y buscar una abogada. Finalmente todos fueron liberados sin pagar nada.<\/p>\n\n\n\n<p>Por su parte, los tres agentes policiales ya fueron enviados a Asunci\u00f3n y Asuntos Internos abri\u00f3 una investigaci\u00f3n contra los mismos.<\/p>\n","protected":false},"excerpt":{"rendered":"<p>La oficial Diana S\u00e1nchez y los suboficiales Victor Ru\u00edz D\u00edaz y Osvaldo Gonz\u00e1lez, todos de&#8230;<\/p>\n","protected":false},"author":3,"featured_media":0,"comment_status":"closed","ping_status":"closed","sticky":false,"template":"","format":"standard","meta":{"footnotes":""},"categories":[48,6],"tags":[],"class_list":["post-7091","post","type-post","status-publish","format-standard","hentry","category-alto-parana","category-noticias"],"featured_image_urls":{"full":"","thumbnail":"","medium":"","medium_large":"","large":"","1536x1536":"","2048x2048":"","newsphere-slider-full":"","newsphere-featured":"","newsphere-medium":""},"author_info":{"display_name":"Editor","author_link":"https:\/\/radioparquecde.com\/index.php\/author\/editor\/"},"category_info":"<a href=\"https:\/\/radioparquecde.com\/index.php\/category\/alto-parana\/\" rel=\"category tag\">ALTO PARAN\u00c1<\/a> <a href=\"https:\/\/radioparquecde.com\/index.php\/category\/noticias\/\" rel=\"category tag\">Noticias<\/a>","tag_info":"Noticias","comment_count":"0","_links":{"self":[{"href":"https:\/\/radioparquecde.com\/index.php\/wp-json\/wp\/v2\/posts\/7091","targetHints":{"allow":["GET"]}}],"collection":[{"href":"https:\/\/radioparquecde.com\/index.php\/wp-json\/wp\/v2\/posts"}],"about":[{"href":"https:\/\/radioparquecde.com\/index.php\/wp-json\/wp\/v2\/types\/post"}],"author":[{"embeddable":true,"href":"https:\/\/radioparquecde.com\/index.php\/wp-json\/wp\/v2\/users\/3"}],"replies":[{"embeddable":true,"href":"https:\/\/radioparquecde.com\/index.php\/wp-json\/wp\/v2\/comments?post=7091"}],"version-history":[{"count":1,"href":"https:\/\/radioparquecde.com\/index.php\/wp-json\/wp\/v2\/posts\/7091\/revisions"}],"predecessor-version":[{"id":7093,"href":"https:\/\/radioparquecde.com\/index.php\/wp-json\/wp\/v2\/posts\/7091\/revisions\/7093"}],"wp:attachment":[{"href":"https:\/\/radioparquecde.com\/index.php\/wp-json\/wp\/v2\/media?parent=7091"}],"wp:term":[{"taxonomy":"category","embeddable":true,"href":"https:\/\/radioparquecde.com\/index.php\/wp-json\/wp\/v2\/categories?post=7091"},{"taxonomy":"post_tag","embeddable":true,"href":"https:\/\/radioparquecde.com\/index.php\/wp-json\/wp\/v2\/tags?post=7091"}],"curies":[{"name":"wp","href":"https:\/\/api.w.org\/{rel}","templated":true}]}}