{"id":7107,"date":"2022-12-16T08:33:40","date_gmt":"2022-12-16T11:33:40","guid":{"rendered":"https:\/\/radioparquecde.com\/?p=7107"},"modified":"2022-12-16T08:33:43","modified_gmt":"2022-12-16T11:33:43","slug":"una-joven-motociclista-perdio-la-vida-tras-chocar-por-la-parte-posterior-de-una-camioneta-que-estaba-estacionada-en-la-via-publica-en-el-distrito-de-concepcion","status":"publish","type":"post","link":"https:\/\/radioparquecde.com\/index.php\/2022\/12\/16\/una-joven-motociclista-perdio-la-vida-tras-chocar-por-la-parte-posterior-de-una-camioneta-que-estaba-estacionada-en-la-via-publica-en-el-distrito-de-concepcion\/","title":{"rendered":"Una joven motociclista perdi\u00f3 la vida tras chocar por la parte posterior de una camioneta que estaba estacionada en la v\u00eda p\u00fablica en el distrito de Concepci\u00f3n."},"content":{"rendered":"\n<p>Una motociclista, identificada como Milagros Gabriela Aguirre Carvallo de 21 a\u00f1os, falleci\u00f3 este jueves tras chocar con su motocicleta a una camioneta en el barrio Caacupem\u00ed, en el distrito de Concepci\u00f3n.<\/p>\n\n\n\n<p>La joven iba al mando de su biciclo de la marca Star, modelo SK, color negro, cuando choc\u00f3 contra una camioneta Volkswagen Saveiro sobre la ruta PY05 a la altura del kil\u00f3metro 202, inform\u00f3 el corresponsal de \u00daltima Hora Justiniano Riveros.<\/p>\n\n\n\n<p>La joven fue llevada por transe\u00fantes hasta el Hospital Regional de Concepci\u00f3n, pero el m\u00e9dico de guardia, Jorge Rojas, inform\u00f3 que la v\u00edctima lleg\u00f3 sin signos de vida y su cuerpo fue derivado a la morgue del lugar.<\/p>\n\n\n\n<figure class=\"wp-block-image size-full\"><img loading=\"lazy\" decoding=\"async\" width=\"500\" height=\"261\" src=\"https:\/\/radioparquecde.com\/wp-content\/uploads\/2022\/12\/16287621672538131172-1.jpg\" alt=\"\" class=\"wp-image-7109\" srcset=\"https:\/\/radioparquecde.com\/wp-content\/uploads\/2022\/12\/16287621672538131172-1.jpg 500w, https:\/\/radioparquecde.com\/wp-content\/uploads\/2022\/12\/16287621672538131172-1-300x157.jpg 300w\" sizes=\"auto, (max-width: 500px) 100vw, 500px\" \/><\/figure>\n\n\n\n<p>La camioneta atropellada estaba al mando de Alberto Ezequiel Aguilar Ben\u00edtez, de 34 a\u00f1os y oriundo de la ciudad de Hohenau, El mismo se encontraba en compa\u00f1\u00eda de Aldo Ariel Delvalle Duarte, de 27 a\u00f1os y oriundo de la ciudad de Encarnaci\u00f3n. Ambos salieron ilesos del percance.<\/p>\n\n\n\n<p>Seg\u00fan el informe policial del hecho, el conductor del veh\u00edculo recibi\u00f3 una llamada telef\u00f3nica, por lo que se dispuso a estacionar su veh\u00edculo en la banquina con las luces de stop.<\/p>\n\n\n\n<p>Minutos despu\u00e9s siti\u00f3 el impacto en la parte trasera del rodado y cuando se percat\u00f3 que la joven estaba tendida en el suelo, llam\u00f3 al sistema 911 de la Polic\u00eda, de acuerdo con su relato.<\/p>\n","protected":false},"excerpt":{"rendered":"<p>Una motociclista, identificada como Milagros Gabriela Aguirre Carvallo de 21 a\u00f1os, falleci\u00f3 este jueves tras&#8230;<\/p>\n","protected":false},"author":3,"featured_media":7110,"comment_status":"closed","ping_status":"closed","sticky":false,"template":"","format":"standard","meta":{"footnotes":""},"categories":[2,6],"tags":[],"class_list":["post-7107","post","type-post","status-publish","format-standard","has-post-thumbnail","hentry","category-destacadas","category-noticias"],"featured_image_urls":{"full":["https:\/\/radioparquecde.com\/wp-content\/uploads\/2022\/12\/16287621672538131172-1-1.jpg",500,261,false],"thumbnail":["https:\/\/radioparquecde.com\/wp-content\/uploads\/2022\/12\/16287621672538131172-1-1-150x150.jpg",150,150,true],"medium":["https:\/\/radioparquecde.com\/wp-content\/uploads\/2022\/12\/16287621672538131172-1-1-300x157.jpg",300,157,true],"medium_large":["https:\/\/radioparquecde.com\/wp-content\/uploads\/2022\/12\/16287621672538131172-1-1.jpg",500,261,false],"large":["https:\/\/radioparquecde.com\/wp-content\/uploads\/2022\/12\/16287621672538131172-1-1.jpg",500,261,false],"1536x1536":["https:\/\/radioparquecde.com\/wp-content\/uploads\/2022\/12\/16287621672538131172-1-1.jpg",500,261,false],"2048x2048":["https:\/\/radioparquecde.com\/wp-content\/uploads\/2022\/12\/16287621672538131172-1-1.jpg",500,261,false],"newsphere-slider-full":["https:\/\/radioparquecde.com\/wp-content\/uploads\/2022\/12\/16287621672538131172-1-1.jpg",500,261,false],"newsphere-featured":["https:\/\/radioparquecde.com\/wp-content\/uploads\/2022\/12\/16287621672538131172-1-1.jpg",500,261,false],"newsphere-medium":["https:\/\/radioparquecde.com\/wp-content\/uploads\/2022\/12\/16287621672538131172-1-1.jpg",500,261,false]},"author_info":{"display_name":"Editor","author_link":"https:\/\/radioparquecde.com\/index.php\/author\/editor\/"},"category_info":"<a href=\"https:\/\/radioparquecde.com\/index.php\/category\/noticias\/destacadas\/\" rel=\"category tag\">Destacadas<\/a> <a href=\"https:\/\/radioparquecde.com\/index.php\/category\/noticias\/\" rel=\"category tag\">Noticias<\/a>","tag_info":"Noticias","comment_count":"0","_links":{"self":[{"href":"https:\/\/radioparquecde.com\/index.php\/wp-json\/wp\/v2\/posts\/7107","targetHints":{"allow":["GET"]}}],"collection":[{"href":"https:\/\/radioparquecde.com\/index.php\/wp-json\/wp\/v2\/posts"}],"about":[{"href":"https:\/\/radioparquecde.com\/index.php\/wp-json\/wp\/v2\/types\/post"}],"author":[{"embeddable":true,"href":"https:\/\/radioparquecde.com\/index.php\/wp-json\/wp\/v2\/users\/3"}],"replies":[{"embeddable":true,"href":"https:\/\/radioparquecde.com\/index.php\/wp-json\/wp\/v2\/comments?post=7107"}],"version-history":[{"count":1,"href":"https:\/\/radioparquecde.com\/index.php\/wp-json\/wp\/v2\/posts\/7107\/revisions"}],"predecessor-version":[{"id":7111,"href":"https:\/\/radioparquecde.com\/index.php\/wp-json\/wp\/v2\/posts\/7107\/revisions\/7111"}],"wp:featuredmedia":[{"embeddable":true,"href":"https:\/\/radioparquecde.com\/index.php\/wp-json\/wp\/v2\/media\/7110"}],"wp:attachment":[{"href":"https:\/\/radioparquecde.com\/index.php\/wp-json\/wp\/v2\/media?parent=7107"}],"wp:term":[{"taxonomy":"category","embeddable":true,"href":"https:\/\/radioparquecde.com\/index.php\/wp-json\/wp\/v2\/categories?post=7107"},{"taxonomy":"post_tag","embeddable":true,"href":"https:\/\/radioparquecde.com\/index.php\/wp-json\/wp\/v2\/tags?post=7107"}],"curies":[{"name":"wp","href":"https:\/\/api.w.org\/{rel}","templated":true}]}}