{"id":7357,"date":"2023-01-04T08:19:23","date_gmt":"2023-01-04T11:19:23","guid":{"rendered":"https:\/\/radioparquecde.com\/?p=7357"},"modified":"2023-01-04T08:19:25","modified_gmt":"2023-01-04T11:19:25","slug":"tras-dos-dias-de-intensa-busqueda-finalmente-ayer-agentes-de-la-mariana-hallaron-flotando-el-cuerpo-sin-vida-del-joven-leonardo-alcides-bogado-cubas","status":"publish","type":"post","link":"https:\/\/radioparquecde.com\/index.php\/2023\/01\/04\/tras-dos-dias-de-intensa-busqueda-finalmente-ayer-agentes-de-la-mariana-hallaron-flotando-el-cuerpo-sin-vida-del-joven-leonardo-alcides-bogado-cubas\/","title":{"rendered":"Tras dos d\u00edas de intensa b\u00fasqueda, finalmente ayer, agentes de la Mariana hallaron flotando el cuerpo sin vida del joven Leonardo Alcides Bogado Cubas"},"content":{"rendered":"\n<p>Ayer, agentes de la Mariana hallaron flotando y rescataron el cuerpo sin vida del joven Leonardo Alcides Bogado Cubas, que estaba desaparecido desde la tarde del domingo 1 de enero.\u00a0<\/p>\n\n\n\n<p>Seg\u00fan los datos, el ahora fallecido se habr\u00eda lanzado al agua para salvar a otra persona que se estaba ahogando, sin embargo, termin\u00f3 siendo arrastrado por las aguas y ya no fue visto.<\/p>\n\n\n\n<figure class=\"wp-block-image size-large\"><img loading=\"lazy\" decoding=\"async\" width=\"768\" height=\"1024\" src=\"https:\/\/radioparquecde.com\/wp-content\/uploads\/2023\/01\/321944559_563080039022617_1868415679241591469_n-768x1024.jpg\" alt=\"\" class=\"wp-image-7359\" srcset=\"https:\/\/radioparquecde.com\/wp-content\/uploads\/2023\/01\/321944559_563080039022617_1868415679241591469_n-768x1024.jpg 768w, https:\/\/radioparquecde.com\/wp-content\/uploads\/2023\/01\/321944559_563080039022617_1868415679241591469_n-225x300.jpg 225w, https:\/\/radioparquecde.com\/wp-content\/uploads\/2023\/01\/321944559_563080039022617_1868415679241591469_n.jpg 960w\" sizes=\"auto, (max-width: 768px) 100vw, 768px\" \/><\/figure>\n\n\n\n<p>El lamentable suceso ocurri\u00f3 en la desembocadura de los r\u00edos Acaray y \u00a0Paran\u00e1.<\/p>\n\n\n\n<p>El cad\u00e1ver de Leonardo Alcides Bogado Cubas, de 28 a\u00f1os, domiciliado en vida en el sector II del barrio San Rafael, fue avistado ayer por agentes de la Polic\u00eda Federal del Brasil, quienes dieron aviso a la Marina paraguaya, cuyos efectivos realizaron el rescate del cuerpo del fallecido.<\/p>\n\n\n\n<p>El caso fue comunicado a la fiscal de feria Juan Daniel Ben\u00edtez, quien dispuso el traslado del cad\u00e1ver a la morgue de la funeraria y tras los tr\u00e1mites de rigor el occiso fue entregado a sus familiares.<\/p>\n","protected":false},"excerpt":{"rendered":"<p>Ayer, agentes de la Mariana hallaron flotando y rescataron el cuerpo sin vida del joven&#8230;<\/p>\n","protected":false},"author":3,"featured_media":7360,"comment_status":"closed","ping_status":"closed","sticky":false,"template":"","format":"standard","meta":{"footnotes":""},"categories":[48,6],"tags":[],"class_list":["post-7357","post","type-post","status-publish","format-standard","has-post-thumbnail","hentry","category-alto-parana","category-noticias"],"featured_image_urls":{"full":["https:\/\/radioparquecde.com\/wp-content\/uploads\/2023\/01\/321944559_563080039022617_1868415679241591469_n-1.jpg",960,1280,false],"thumbnail":["https:\/\/radioparquecde.com\/wp-content\/uploads\/2023\/01\/321944559_563080039022617_1868415679241591469_n-1-150x150.jpg",150,150,true],"medium":["https:\/\/radioparquecde.com\/wp-content\/uploads\/2023\/01\/321944559_563080039022617_1868415679241591469_n-1-225x300.jpg",225,300,true],"medium_large":["https:\/\/radioparquecde.com\/wp-content\/uploads\/2023\/01\/321944559_563080039022617_1868415679241591469_n-1-768x1024.jpg",640,853,true],"large":["https:\/\/radioparquecde.com\/wp-content\/uploads\/2023\/01\/321944559_563080039022617_1868415679241591469_n-1-768x1024.jpg",640,853,true],"1536x1536":["https:\/\/radioparquecde.com\/wp-content\/uploads\/2023\/01\/321944559_563080039022617_1868415679241591469_n-1.jpg",960,1280,false],"2048x2048":["https:\/\/radioparquecde.com\/wp-content\/uploads\/2023\/01\/321944559_563080039022617_1868415679241591469_n-1.jpg",960,1280,false],"newsphere-slider-full":["https:\/\/radioparquecde.com\/wp-content\/uploads\/2023\/01\/321944559_563080039022617_1868415679241591469_n-1-960x720.jpg",960,720,true],"newsphere-featured":["https:\/\/radioparquecde.com\/wp-content\/uploads\/2023\/01\/321944559_563080039022617_1868415679241591469_n-1.jpg",960,1280,false],"newsphere-medium":["https:\/\/radioparquecde.com\/wp-content\/uploads\/2023\/01\/321944559_563080039022617_1868415679241591469_n-1-720x380.jpg",720,380,true]},"author_info":{"display_name":"Editor","author_link":"https:\/\/radioparquecde.com\/index.php\/author\/editor\/"},"category_info":"<a href=\"https:\/\/radioparquecde.com\/index.php\/category\/alto-parana\/\" rel=\"category tag\">ALTO PARAN\u00c1<\/a> <a href=\"https:\/\/radioparquecde.com\/index.php\/category\/noticias\/\" rel=\"category tag\">Noticias<\/a>","tag_info":"Noticias","comment_count":"0","_links":{"self":[{"href":"https:\/\/radioparquecde.com\/index.php\/wp-json\/wp\/v2\/posts\/7357","targetHints":{"allow":["GET"]}}],"collection":[{"href":"https:\/\/radioparquecde.com\/index.php\/wp-json\/wp\/v2\/posts"}],"about":[{"href":"https:\/\/radioparquecde.com\/index.php\/wp-json\/wp\/v2\/types\/post"}],"author":[{"embeddable":true,"href":"https:\/\/radioparquecde.com\/index.php\/wp-json\/wp\/v2\/users\/3"}],"replies":[{"embeddable":true,"href":"https:\/\/radioparquecde.com\/index.php\/wp-json\/wp\/v2\/comments?post=7357"}],"version-history":[{"count":1,"href":"https:\/\/radioparquecde.com\/index.php\/wp-json\/wp\/v2\/posts\/7357\/revisions"}],"predecessor-version":[{"id":7361,"href":"https:\/\/radioparquecde.com\/index.php\/wp-json\/wp\/v2\/posts\/7357\/revisions\/7361"}],"wp:featuredmedia":[{"embeddable":true,"href":"https:\/\/radioparquecde.com\/index.php\/wp-json\/wp\/v2\/media\/7360"}],"wp:attachment":[{"href":"https:\/\/radioparquecde.com\/index.php\/wp-json\/wp\/v2\/media?parent=7357"}],"wp:term":[{"taxonomy":"category","embeddable":true,"href":"https:\/\/radioparquecde.com\/index.php\/wp-json\/wp\/v2\/categories?post=7357"},{"taxonomy":"post_tag","embeddable":true,"href":"https:\/\/radioparquecde.com\/index.php\/wp-json\/wp\/v2\/tags?post=7357"}],"curies":[{"name":"wp","href":"https:\/\/api.w.org\/{rel}","templated":true}]}}