{"id":7362,"date":"2023-01-04T08:26:54","date_gmt":"2023-01-04T11:26:54","guid":{"rendered":"https:\/\/radioparquecde.com\/?p=7362"},"modified":"2023-01-04T08:26:56","modified_gmt":"2023-01-04T11:26:56","slug":"automovilista-ebrio-ocasiona-violento-accidente","status":"publish","type":"post","link":"https:\/\/radioparquecde.com\/index.php\/2023\/01\/04\/automovilista-ebrio-ocasiona-violento-accidente\/","title":{"rendered":"Automovilista ebrio ocasiona violento accidente"},"content":{"rendered":"\n<p>Un joven brasile\u00f1o que se encontraba conduciendo en estado de ebriedad ocasion\u00f3 un violento choque que dej\u00f3 da\u00f1os materiales en los veh\u00edculos involucrados.<\/p>\n\n\n\n<p>El hecho ocurri\u00f3 este martes, a las 02:30 aproximadamente, sobre la avenida San Jos\u00e9 casi avenida Julio C\u00e9sar Riquelme del barrio Ciudad Nueva de Ciudad del Este.<\/p>\n\n\n\n<figure class=\"wp-block-image size-full\"><img loading=\"lazy\" decoding=\"async\" width=\"561\" height=\"480\" src=\"https:\/\/radioparquecde.com\/wp-content\/uploads\/2023\/01\/lg-5207cf35222688e02de23bc1b022e129.jpg\" alt=\"\" class=\"wp-image-7364\" srcset=\"https:\/\/radioparquecde.com\/wp-content\/uploads\/2023\/01\/lg-5207cf35222688e02de23bc1b022e129.jpg 561w, https:\/\/radioparquecde.com\/wp-content\/uploads\/2023\/01\/lg-5207cf35222688e02de23bc1b022e129-300x257.jpg 300w\" sizes=\"auto, (max-width: 561px) 100vw, 561px\" \/><\/figure>\n\n\n\n<p>Seg\u00fan el informe de la comisar\u00eda 2\u00aa, estuvieron involucrados un Fiat, modelo UNO, chapa BNO 373, propiedad de Feliciano Vera Luj\u00e1n (32 a\u00f1os) y un autom\u00f3vil Fiat Siena, color gris, guiado por el brasile\u00f1o identificado como Elinhan Donselli Dos Santos Selinhan (23 a\u00f1os).<\/p>\n\n\n\n<p>Feliciano Vera manifest\u00f3 que estaba circulando sobre la Julio C\u00e9sar Riquelme con direcci\u00f3n Norte, momento en que fue chocado por el otro autom\u00f3vil marca Fiat modelo Siena, que circulaba sobre la avenida San Jos\u00e9, y que le sali\u00f3 repentinamente al paso.<\/p>\n\n\n\n<p>La fiscala de turno, Cinthia Leiva dispuso que ambos conductores sean sometidos a la prueba de alcotest, cuyo resultado arroj\u00f3 positivo para Elinhan Donselli, mientras que para Feliciano sali\u00f3 negativo.<\/p>\n","protected":false},"excerpt":{"rendered":"<p>Un joven brasile\u00f1o que se encontraba conduciendo en estado de ebriedad ocasion\u00f3 un violento choque&#8230;<\/p>\n","protected":false},"author":3,"featured_media":7365,"comment_status":"closed","ping_status":"closed","sticky":false,"template":"","format":"standard","meta":{"footnotes":""},"categories":[48,6],"tags":[],"class_list":["post-7362","post","type-post","status-publish","format-standard","has-post-thumbnail","hentry","category-alto-parana","category-noticias"],"featured_image_urls":{"full":["https:\/\/radioparquecde.com\/wp-content\/uploads\/2023\/01\/lg-5207cf35222688e02de23bc1b022e129-1.jpg",561,480,false],"thumbnail":["https:\/\/radioparquecde.com\/wp-content\/uploads\/2023\/01\/lg-5207cf35222688e02de23bc1b022e129-1-150x150.jpg",150,150,true],"medium":["https:\/\/radioparquecde.com\/wp-content\/uploads\/2023\/01\/lg-5207cf35222688e02de23bc1b022e129-1-300x257.jpg",300,257,true],"medium_large":["https:\/\/radioparquecde.com\/wp-content\/uploads\/2023\/01\/lg-5207cf35222688e02de23bc1b022e129-1.jpg",561,480,false],"large":["https:\/\/radioparquecde.com\/wp-content\/uploads\/2023\/01\/lg-5207cf35222688e02de23bc1b022e129-1.jpg",561,480,false],"1536x1536":["https:\/\/radioparquecde.com\/wp-content\/uploads\/2023\/01\/lg-5207cf35222688e02de23bc1b022e129-1.jpg",561,480,false],"2048x2048":["https:\/\/radioparquecde.com\/wp-content\/uploads\/2023\/01\/lg-5207cf35222688e02de23bc1b022e129-1.jpg",561,480,false],"newsphere-slider-full":["https:\/\/radioparquecde.com\/wp-content\/uploads\/2023\/01\/lg-5207cf35222688e02de23bc1b022e129-1.jpg",561,480,false],"newsphere-featured":["https:\/\/radioparquecde.com\/wp-content\/uploads\/2023\/01\/lg-5207cf35222688e02de23bc1b022e129-1.jpg",561,480,false],"newsphere-medium":["https:\/\/radioparquecde.com\/wp-content\/uploads\/2023\/01\/lg-5207cf35222688e02de23bc1b022e129-1-561x380.jpg",561,380,true]},"author_info":{"display_name":"Editor","author_link":"https:\/\/radioparquecde.com\/index.php\/author\/editor\/"},"category_info":"<a href=\"https:\/\/radioparquecde.com\/index.php\/category\/alto-parana\/\" rel=\"category tag\">ALTO PARAN\u00c1<\/a> <a href=\"https:\/\/radioparquecde.com\/index.php\/category\/noticias\/\" rel=\"category tag\">Noticias<\/a>","tag_info":"Noticias","comment_count":"0","_links":{"self":[{"href":"https:\/\/radioparquecde.com\/index.php\/wp-json\/wp\/v2\/posts\/7362","targetHints":{"allow":["GET"]}}],"collection":[{"href":"https:\/\/radioparquecde.com\/index.php\/wp-json\/wp\/v2\/posts"}],"about":[{"href":"https:\/\/radioparquecde.com\/index.php\/wp-json\/wp\/v2\/types\/post"}],"author":[{"embeddable":true,"href":"https:\/\/radioparquecde.com\/index.php\/wp-json\/wp\/v2\/users\/3"}],"replies":[{"embeddable":true,"href":"https:\/\/radioparquecde.com\/index.php\/wp-json\/wp\/v2\/comments?post=7362"}],"version-history":[{"count":1,"href":"https:\/\/radioparquecde.com\/index.php\/wp-json\/wp\/v2\/posts\/7362\/revisions"}],"predecessor-version":[{"id":7366,"href":"https:\/\/radioparquecde.com\/index.php\/wp-json\/wp\/v2\/posts\/7362\/revisions\/7366"}],"wp:featuredmedia":[{"embeddable":true,"href":"https:\/\/radioparquecde.com\/index.php\/wp-json\/wp\/v2\/media\/7365"}],"wp:attachment":[{"href":"https:\/\/radioparquecde.com\/index.php\/wp-json\/wp\/v2\/media?parent=7362"}],"wp:term":[{"taxonomy":"category","embeddable":true,"href":"https:\/\/radioparquecde.com\/index.php\/wp-json\/wp\/v2\/categories?post=7362"},{"taxonomy":"post_tag","embeddable":true,"href":"https:\/\/radioparquecde.com\/index.php\/wp-json\/wp\/v2\/tags?post=7362"}],"curies":[{"name":"wp","href":"https:\/\/api.w.org\/{rel}","templated":true}]}}