{"id":7399,"date":"2023-01-09T08:24:38","date_gmt":"2023-01-09T11:24:38","guid":{"rendered":"https:\/\/radioparquecde.com\/?p=7399"},"modified":"2023-01-09T08:24:42","modified_gmt":"2023-01-09T11:24:42","slug":"lula-decreto-la-intervencion-de-las-fuerzas-deseguridad-de-brasilia-por-el-violento-asalto-de-lassedes-de-gobierno-y-responsabilizo-a-bolsonaro","status":"publish","type":"post","link":"https:\/\/radioparquecde.com\/index.php\/2023\/01\/09\/lula-decreto-la-intervencion-de-las-fuerzas-deseguridad-de-brasilia-por-el-violento-asalto-de-lassedes-de-gobierno-y-responsabilizo-a-bolsonaro\/","title":{"rendered":"Lula decret\u00f3 la intervenci\u00f3n de las fuerzas de<br>seguridad de Brasilia por el violento asalto de las<br>sedes de Gobierno y responsabiliz\u00f3 a Bolsonaro"},"content":{"rendered":"\n<p>El Tribunal Supremo orden\u00f3 hoy al Ej\u00e9rcito del pa\u00eds desmantelar en 24 horas los \u201ccampamentos bolsonaristas\u201d para retomar el control de la capital, luego de que seguidores del exmandatario Jair Bolsonaro invadieran las tres sedes del poder.<\/p>\n\n\n\n<p>Hasta el momento, hay m\u00e1s de 400 detenidos.<\/p>\n\n\n\n<p>El <a><\/a>magistrado Alexandre de Moraes expres\u00f3 en la orden judicial que \u201cnada justifica la existencia de campamentos de terroristas, financiados con la complacencia de autoridades civiles y militares de forma totalmente subversiva y sin respeto alguno hacia la Constituci\u00f3n\u201d.<\/p>\n\n\n\n<p>Moraes apart\u00f3 de su cargo por 90 d\u00edas al gobernador del Distrito Federal de Brasilia, Ibaneis Rocha y destituy\u00f3 al secretario de Seguridad, Anderson Torres, quien fue ministro de Justicia en los dos \u00faltimos a\u00f1os del Gobierno de Bolsonaro (2019-2022).<\/p>\n\n\n\n<figure class=\"wp-block-image size-full\"><img loading=\"lazy\" decoding=\"async\" width=\"1024\" height=\"683\" src=\"https:\/\/radioparquecde.com\/wp-content\/uploads\/2023\/01\/brasiltomabolsonaristas2023-2.jpg\" alt=\"\" class=\"wp-image-7401\" srcset=\"https:\/\/radioparquecde.com\/wp-content\/uploads\/2023\/01\/brasiltomabolsonaristas2023-2.jpg 1024w, https:\/\/radioparquecde.com\/wp-content\/uploads\/2023\/01\/brasiltomabolsonaristas2023-2-300x200.jpg 300w, https:\/\/radioparquecde.com\/wp-content\/uploads\/2023\/01\/brasiltomabolsonaristas2023-2-768x512.jpg 768w\" sizes=\"auto, (max-width: 1024px) 100vw, 1024px\" \/><\/figure>\n\n\n\n<p>Al respecto, el experto en Relaciones Exteriores y candidato a Senador, Mario Paz Castaing, en contacto con Radio Uno se\u00f1al\u00f3 que los hechos ponen en aprietos en la gobernabilidad futura de Brasil.<\/p>\n","protected":false},"excerpt":{"rendered":"<p>El Tribunal Supremo orden\u00f3 hoy al Ej\u00e9rcito del pa\u00eds desmantelar en 24 horas los \u201ccampamentos&#8230;<\/p>\n","protected":false},"author":3,"featured_media":7402,"comment_status":"closed","ping_status":"closed","sticky":false,"template":"","format":"standard","meta":{"footnotes":""},"categories":[49,6],"tags":[],"class_list":["post-7399","post","type-post","status-publish","format-standard","has-post-thumbnail","hentry","category-frontera","category-noticias"],"featured_image_urls":{"full":["https:\/\/radioparquecde.com\/wp-content\/uploads\/2023\/01\/brasiltomabolsonaristas2023-2-1.jpg",1024,683,false],"thumbnail":["https:\/\/radioparquecde.com\/wp-content\/uploads\/2023\/01\/brasiltomabolsonaristas2023-2-1-150x150.jpg",150,150,true],"medium":["https:\/\/radioparquecde.com\/wp-content\/uploads\/2023\/01\/brasiltomabolsonaristas2023-2-1-300x200.jpg",300,200,true],"medium_large":["https:\/\/radioparquecde.com\/wp-content\/uploads\/2023\/01\/brasiltomabolsonaristas2023-2-1-768x512.jpg",640,427,true],"large":["https:\/\/radioparquecde.com\/wp-content\/uploads\/2023\/01\/brasiltomabolsonaristas2023-2-1.jpg",640,427,false],"1536x1536":["https:\/\/radioparquecde.com\/wp-content\/uploads\/2023\/01\/brasiltomabolsonaristas2023-2-1.jpg",1024,683,false],"2048x2048":["https:\/\/radioparquecde.com\/wp-content\/uploads\/2023\/01\/brasiltomabolsonaristas2023-2-1.jpg",1024,683,false],"newsphere-slider-full":["https:\/\/radioparquecde.com\/wp-content\/uploads\/2023\/01\/brasiltomabolsonaristas2023-2-1.jpg",1024,683,false],"newsphere-featured":["https:\/\/radioparquecde.com\/wp-content\/uploads\/2023\/01\/brasiltomabolsonaristas2023-2-1.jpg",1024,683,false],"newsphere-medium":["https:\/\/radioparquecde.com\/wp-content\/uploads\/2023\/01\/brasiltomabolsonaristas2023-2-1-720x380.jpg",720,380,true]},"author_info":{"display_name":"Editor","author_link":"https:\/\/radioparquecde.com\/index.php\/author\/editor\/"},"category_info":"<a href=\"https:\/\/radioparquecde.com\/index.php\/category\/frontera\/\" rel=\"category tag\">FRONTERA<\/a> <a href=\"https:\/\/radioparquecde.com\/index.php\/category\/noticias\/\" rel=\"category tag\">Noticias<\/a>","tag_info":"Noticias","comment_count":"0","_links":{"self":[{"href":"https:\/\/radioparquecde.com\/index.php\/wp-json\/wp\/v2\/posts\/7399","targetHints":{"allow":["GET"]}}],"collection":[{"href":"https:\/\/radioparquecde.com\/index.php\/wp-json\/wp\/v2\/posts"}],"about":[{"href":"https:\/\/radioparquecde.com\/index.php\/wp-json\/wp\/v2\/types\/post"}],"author":[{"embeddable":true,"href":"https:\/\/radioparquecde.com\/index.php\/wp-json\/wp\/v2\/users\/3"}],"replies":[{"embeddable":true,"href":"https:\/\/radioparquecde.com\/index.php\/wp-json\/wp\/v2\/comments?post=7399"}],"version-history":[{"count":1,"href":"https:\/\/radioparquecde.com\/index.php\/wp-json\/wp\/v2\/posts\/7399\/revisions"}],"predecessor-version":[{"id":7403,"href":"https:\/\/radioparquecde.com\/index.php\/wp-json\/wp\/v2\/posts\/7399\/revisions\/7403"}],"wp:featuredmedia":[{"embeddable":true,"href":"https:\/\/radioparquecde.com\/index.php\/wp-json\/wp\/v2\/media\/7402"}],"wp:attachment":[{"href":"https:\/\/radioparquecde.com\/index.php\/wp-json\/wp\/v2\/media?parent=7399"}],"wp:term":[{"taxonomy":"category","embeddable":true,"href":"https:\/\/radioparquecde.com\/index.php\/wp-json\/wp\/v2\/categories?post=7399"},{"taxonomy":"post_tag","embeddable":true,"href":"https:\/\/radioparquecde.com\/index.php\/wp-json\/wp\/v2\/tags?post=7399"}],"curies":[{"name":"wp","href":"https:\/\/api.w.org\/{rel}","templated":true}]}}