{"id":7435,"date":"2023-01-11T09:16:05","date_gmt":"2023-01-11T12:16:05","guid":{"rendered":"https:\/\/radioparquecde.com\/?p=7435"},"modified":"2023-01-11T09:16:08","modified_gmt":"2023-01-11T12:16:08","slug":"hallan-auto-de-adrian-arzamendia-traversi","status":"publish","type":"post","link":"https:\/\/radioparquecde.com\/index.php\/2023\/01\/11\/hallan-auto-de-adrian-arzamendia-traversi\/","title":{"rendered":"Hallan auto de Adri\u00e1n Arzamendia Traversi"},"content":{"rendered":"\n<p>Agentes del Departamento de Investigaciones de Alto Paran\u00e1 hallaron el auto totalmente incinerado en el km 16 Acaray de Minga Guaz\u00fa, aproximadamente a 1.000 metros de donde fue hallado el cuerpo del joven de 29 a\u00f1os.<\/p>\n\n\n\n<figure class=\"wp-block-image size-full\"><img loading=\"lazy\" decoding=\"async\" width=\"994\" height=\"766\" src=\"https:\/\/radioparquecde.com\/wp-content\/uploads\/2023\/01\/324939687_876957517066145_6558390825485126554_n.jpg\" alt=\"\" class=\"wp-image-7437\" srcset=\"https:\/\/radioparquecde.com\/wp-content\/uploads\/2023\/01\/324939687_876957517066145_6558390825485126554_n.jpg 994w, https:\/\/radioparquecde.com\/wp-content\/uploads\/2023\/01\/324939687_876957517066145_6558390825485126554_n-300x231.jpg 300w, https:\/\/radioparquecde.com\/wp-content\/uploads\/2023\/01\/324939687_876957517066145_6558390825485126554_n-768x592.jpg 768w\" sizes=\"auto, (max-width: 994px) 100vw, 994px\" \/><\/figure>\n\n\n\n<p>El Fiscal Juan Benitez, en contacto con Radio Uno, se\u00f1al\u00f3 que el Toyota Vitz, color negro chapa AAFF 951, habr\u00eda sido incendiado en la misma noche del crimen.<\/p>\n\n\n\n<p><a><\/a>Sobre los responsables del hecho asever\u00f3:<img loading=\"lazy\" decoding=\"async\" height=\"16\" width=\"16\" alt=\"\ud83d\udcac\" src=\"https:\/\/static.xx.fbcdn.net\/images\/emoji.php\/v9\/t6e\/1\/16\/1f4ac.png\">\u00abSolamente nos faltan algunas piezas para cerrar el c\u00edrculo de la investigaci\u00f3n y llegar a los responsables y a la detenci\u00f3n del o los autores. Se descarta el narcotr\u00e1fico de parte de \u00e9l, no se descarta si el o los autores est\u00e9n involucrados\u00bb, asever\u00f3.<\/p>\n\n\n\n<p>Seg\u00fan relat\u00f3 el fiscal, a pesar de las lesiones cortapunzantes y quemaduras, la causa de muerte fue asfixia mec\u00e1nica por estrangulamiento: \u00abHay lesiones en la tr\u00e1quea. Su propia remera que ten\u00eda al momento de salir el 4 de enero de su hogar, fue utilizada para ahorcarlo\u00bb<\/p>\n","protected":false},"excerpt":{"rendered":"<p>Agentes del Departamento de Investigaciones de Alto Paran\u00e1 hallaron el auto totalmente incinerado en el&#8230;<\/p>\n","protected":false},"author":3,"featured_media":7438,"comment_status":"closed","ping_status":"closed","sticky":false,"template":"","format":"standard","meta":{"footnotes":""},"categories":[48,6],"tags":[],"class_list":["post-7435","post","type-post","status-publish","format-standard","has-post-thumbnail","hentry","category-alto-parana","category-noticias"],"featured_image_urls":{"full":["https:\/\/radioparquecde.com\/wp-content\/uploads\/2023\/01\/324939687_876957517066145_6558390825485126554_n-1.jpg",994,766,false],"thumbnail":["https:\/\/radioparquecde.com\/wp-content\/uploads\/2023\/01\/324939687_876957517066145_6558390825485126554_n-1-150x150.jpg",150,150,true],"medium":["https:\/\/radioparquecde.com\/wp-content\/uploads\/2023\/01\/324939687_876957517066145_6558390825485126554_n-1-300x231.jpg",300,231,true],"medium_large":["https:\/\/radioparquecde.com\/wp-content\/uploads\/2023\/01\/324939687_876957517066145_6558390825485126554_n-1-768x592.jpg",640,493,true],"large":["https:\/\/radioparquecde.com\/wp-content\/uploads\/2023\/01\/324939687_876957517066145_6558390825485126554_n-1.jpg",640,493,false],"1536x1536":["https:\/\/radioparquecde.com\/wp-content\/uploads\/2023\/01\/324939687_876957517066145_6558390825485126554_n-1.jpg",994,766,false],"2048x2048":["https:\/\/radioparquecde.com\/wp-content\/uploads\/2023\/01\/324939687_876957517066145_6558390825485126554_n-1.jpg",994,766,false],"newsphere-slider-full":["https:\/\/radioparquecde.com\/wp-content\/uploads\/2023\/01\/324939687_876957517066145_6558390825485126554_n-1-994x720.jpg",994,720,true],"newsphere-featured":["https:\/\/radioparquecde.com\/wp-content\/uploads\/2023\/01\/324939687_876957517066145_6558390825485126554_n-1.jpg",994,766,false],"newsphere-medium":["https:\/\/radioparquecde.com\/wp-content\/uploads\/2023\/01\/324939687_876957517066145_6558390825485126554_n-1-720x380.jpg",720,380,true]},"author_info":{"display_name":"Editor","author_link":"https:\/\/radioparquecde.com\/index.php\/author\/editor\/"},"category_info":"<a href=\"https:\/\/radioparquecde.com\/index.php\/category\/alto-parana\/\" rel=\"category tag\">ALTO PARAN\u00c1<\/a> <a href=\"https:\/\/radioparquecde.com\/index.php\/category\/noticias\/\" rel=\"category tag\">Noticias<\/a>","tag_info":"Noticias","comment_count":"0","_links":{"self":[{"href":"https:\/\/radioparquecde.com\/index.php\/wp-json\/wp\/v2\/posts\/7435","targetHints":{"allow":["GET"]}}],"collection":[{"href":"https:\/\/radioparquecde.com\/index.php\/wp-json\/wp\/v2\/posts"}],"about":[{"href":"https:\/\/radioparquecde.com\/index.php\/wp-json\/wp\/v2\/types\/post"}],"author":[{"embeddable":true,"href":"https:\/\/radioparquecde.com\/index.php\/wp-json\/wp\/v2\/users\/3"}],"replies":[{"embeddable":true,"href":"https:\/\/radioparquecde.com\/index.php\/wp-json\/wp\/v2\/comments?post=7435"}],"version-history":[{"count":1,"href":"https:\/\/radioparquecde.com\/index.php\/wp-json\/wp\/v2\/posts\/7435\/revisions"}],"predecessor-version":[{"id":7439,"href":"https:\/\/radioparquecde.com\/index.php\/wp-json\/wp\/v2\/posts\/7435\/revisions\/7439"}],"wp:featuredmedia":[{"embeddable":true,"href":"https:\/\/radioparquecde.com\/index.php\/wp-json\/wp\/v2\/media\/7438"}],"wp:attachment":[{"href":"https:\/\/radioparquecde.com\/index.php\/wp-json\/wp\/v2\/media?parent=7435"}],"wp:term":[{"taxonomy":"category","embeddable":true,"href":"https:\/\/radioparquecde.com\/index.php\/wp-json\/wp\/v2\/categories?post=7435"},{"taxonomy":"post_tag","embeddable":true,"href":"https:\/\/radioparquecde.com\/index.php\/wp-json\/wp\/v2\/tags?post=7435"}],"curies":[{"name":"wp","href":"https:\/\/api.w.org\/{rel}","templated":true}]}}